{"id":57982,"date":"2019-08-12T15:29:48","date_gmt":"2019-08-12T18:29:48","guid":{"rendered":"https:\/\/eldiariodesanpedro.com.ar\/sitio\/?p=57982"},"modified":"2019-08-12T15:29:52","modified_gmt":"2019-08-12T18:29:52","slug":"inta-san-pedro-propuesta-para-el-control-de-heladas","status":"publish","type":"post","link":"https:\/\/eldiariodesanpedro.com.ar\/sitio\/inta-san-pedro-propuesta-para-el-control-de-heladas\/","title":{"rendered":"INTA SAN PEDRO | Propuesta para el control de heladas"},"content":{"rendered":"<!-- VideographyWP Plugin Message: Automatic video embedding prevented by plugin options. -->\n\n<p>La empresa Agroworld Spain brindar\u00e1 una charla destinada a productores para explicar la tecnolog\u00eda que disponen para el control de heladas, con baja aplicaci\u00f3n de agua. El encuentro se realizar\u00e1 en las instalaciones de la Agencia del INTA San Pedro, en Mitre 299, el jueves 15 de agosto a las 14.30 hs. Invitan: CAPROEM, el INTA y la Municipalidad de San Pedro.<\/p>\n\n\n\n<figure class=\"wp-block-image\"><img decoding=\"async\" width=\"940\" height=\"788\" data-attachment-id=\"57984\" data-permalink=\"https:\/\/eldiariodesanpedro.com.ar\/sitio\/inta-san-pedro-propuesta-para-el-control-de-heladas\/unnamed-112\/\" data-orig-file=\"https:\/\/eldiariodesanpedro.com.ar\/sitio\/wp-content\/uploads\/2019\/08\/unnamed-1.png\" data-orig-size=\"940,788\" data-comments-opened=\"1\" data-image-meta=\"{&quot;aperture&quot;:&quot;0&quot;,&quot;credit&quot;:&quot;&quot;,&quot;camera&quot;:&quot;&quot;,&quot;caption&quot;:&quot;&quot;,&quot;created_timestamp&quot;:&quot;0&quot;,&quot;copyright&quot;:&quot;&quot;,&quot;focal_length&quot;:&quot;0&quot;,&quot;iso&quot;:&quot;0&quot;,&quot;shutter_speed&quot;:&quot;0&quot;,&quot;title&quot;:&quot;&quot;,&quot;orientation&quot;:&quot;0&quot;}\" data-image-title=\"unnamed\" data-image-description=\"\" data-image-caption=\"\" data-large-file=\"https:\/\/eldiariodesanpedro.com.ar\/sitio\/wp-content\/uploads\/2019\/08\/unnamed-1.png\" data-src=\"https:\/\/eldiariodesanpedro.com.ar\/sitio\/wp-content\/uploads\/2019\/08\/unnamed-1.png\" alt=\"\" class=\"wp-image-57984 lazyload\" data-srcset=\"https:\/\/eldiariodesanpedro.com.ar\/sitio\/wp-content\/uploads\/2019\/08\/unnamed-1.png 940w, https:\/\/eldiariodesanpedro.com.ar\/sitio\/wp-content\/uploads\/2019\/08\/unnamed-1-300x251.png 300w, https:\/\/eldiariodesanpedro.com.ar\/sitio\/wp-content\/uploads\/2019\/08\/unnamed-1-768x644.png 768w\" data-sizes=\"(max-width: 940px) 100vw, 940px\" src=\"data:image\/svg+xml;base64,PHN2ZyB3aWR0aD0iMSIgaGVpZ2h0PSIxIiB4bWxucz0iaHR0cDovL3d3dy53My5vcmcvMjAwMC9zdmciPjwvc3ZnPg==\" style=\"--smush-placeholder-width: 940px; --smush-placeholder-aspect-ratio: 940\/788;\" \/><\/figure>\n","protected":false},"excerpt":{"rendered":"<p>La empresa Agroworld Spain brindar\u00e1 una charla destinada a productores para explicar la tecnolog\u00eda que disponen para el control de heladas, con baja aplicaci\u00f3n de agua. El encuentro se realizar\u00e1 en las instalaciones de la Agencia del INTA San Pedro, en Mitre 299, el jueves 15 de agosto a las 14.30 hs. Invitan: CAPROEM, el [&hellip;]<\/p>\n","protected":false},"author":4,"featured_media":57983,"comment_status":"open","ping_status":"closed","sticky":false,"template":"","format":"standard","meta":{"om_disable_all_campaigns":false,"_jetpack_memberships_contains_paid_content":false,"footnotes":""},"categories":[101,2],"tags":[],"class_list":["post-57982","post","type-post","status-publish","format-standard","has-post-thumbnail","hentry","category-interes-general-locales","category-locales"],"aioseo_notices":[],"gutentor_comment":0,"jetpack_featured_media_url":"https:\/\/eldiariodesanpedro.com.ar\/sitio\/wp-content\/uploads\/2019\/08\/252506_helada.jpg","jetpack_shortlink":"https:\/\/wp.me\/p6RhLt-f5c","jetpack_sharing_enabled":true,"_links":{"self":[{"href":"https:\/\/eldiariodesanpedro.com.ar\/sitio\/wp-json\/wp\/v2\/posts\/57982","targetHints":{"allow":["GET"]}}],"collection":[{"href":"https:\/\/eldiariodesanpedro.com.ar\/sitio\/wp-json\/wp\/v2\/posts"}],"about":[{"href":"https:\/\/eldiariodesanpedro.com.ar\/sitio\/wp-json\/wp\/v2\/types\/post"}],"author":[{"embeddable":true,"href":"https:\/\/eldiariodesanpedro.com.ar\/sitio\/wp-json\/wp\/v2\/users\/4"}],"replies":[{"embeddable":true,"href":"https:\/\/eldiariodesanpedro.com.ar\/sitio\/wp-json\/wp\/v2\/comments?post=57982"}],"version-history":[{"count":1,"href":"https:\/\/eldiariodesanpedro.com.ar\/sitio\/wp-json\/wp\/v2\/posts\/57982\/revisions"}],"predecessor-version":[{"id":57985,"href":"https:\/\/eldiariodesanpedro.com.ar\/sitio\/wp-json\/wp\/v2\/posts\/57982\/revisions\/57985"}],"wp:featuredmedia":[{"embeddable":true,"href":"https:\/\/eldiariodesanpedro.com.ar\/sitio\/wp-json\/wp\/v2\/media\/57983"}],"wp:attachment":[{"href":"https:\/\/eldiariodesanpedro.com.ar\/sitio\/wp-json\/wp\/v2\/media?parent=57982"}],"wp:term":[{"taxonomy":"category","embeddable":true,"href":"https:\/\/eldiariodesanpedro.com.ar\/sitio\/wp-json\/wp\/v2\/categories?post=57982"},{"taxonomy":"post_tag","embeddable":true,"href":"https:\/\/eldiariodesanpedro.com.ar\/sitio\/wp-json\/wp\/v2\/tags?post=57982"}],"curies":[{"name":"wp","href":"https:\/\/api.w.org\/{rel}","templated":true}]}}