{"id":57978,"date":"2019-08-12T12:50:56","date_gmt":"2019-08-12T15:50:56","guid":{"rendered":"https:\/\/eldiariodesanpedro.com.ar\/sitio\/?p=57978"},"modified":"2019-08-12T12:51:00","modified_gmt":"2019-08-12T15:51:00","slug":"zarate-caffaro-el-mas-votado-por-el-frente-de-todos","status":"publish","type":"post","link":"https:\/\/eldiariodesanpedro.com.ar\/sitio\/zarate-caffaro-el-mas-votado-por-el-frente-de-todos\/","title":{"rendered":"Z\u00c1RATE | C\u00e1ffaro el m\u00e1s votado por el Frente de Todos"},"content":{"rendered":"<!-- VideographyWP Plugin Message: Automatic video embedding prevented by plugin options. -->\n\n<p>Tras las PASO 2019 en la Ciudad de Z\u00e1rate hubo tres ganadores por haber ganado sus internas y la confirmaci\u00f3n de que la Izquierda otra vez supera las PASO y estar\u00e1 en las elecciones generales.<\/p>\n\n\n\n<p>Osvaldo C\u00e1ffaro en el Frente de Todos obtuvo 34891 votos, con un total del frente en la interna de un 51%, Juli\u00e1n Guelvenz\u00fa en Juntos por el Cambio obtuvo 11489 votos dos mil mas que su competir\u00e1 e la interna con lo que da un total para el Frente por el Cambio de 28 %, Jorge Blanco en Consenso Federal consigui\u00f3 un 2969 con un total de la fuerza de un 5 % y Sergio Bonuccelli por el Frente de Izquierda son los Candidatos a Intendente que participar\u00e1n de las elecciones generales de Octubre.<\/p>\n\n\n\n<figure class=\"wp-block-image\"><img decoding=\"async\" width=\"563\" height=\"711\" data-attachment-id=\"57979\" data-permalink=\"https:\/\/eldiariodesanpedro.com.ar\/sitio\/zarate-caffaro-el-mas-votado-por-el-frente-de-todos\/paso-01\/\" data-orig-file=\"https:\/\/eldiariodesanpedro.com.ar\/sitio\/wp-content\/uploads\/2019\/08\/paso-01.jpg\" data-orig-size=\"563,711\" data-comments-opened=\"1\" data-image-meta=\"{&quot;aperture&quot;:&quot;0&quot;,&quot;credit&quot;:&quot;&quot;,&quot;camera&quot;:&quot;&quot;,&quot;caption&quot;:&quot;&quot;,&quot;created_timestamp&quot;:&quot;0&quot;,&quot;copyright&quot;:&quot;&quot;,&quot;focal_length&quot;:&quot;0&quot;,&quot;iso&quot;:&quot;0&quot;,&quot;shutter_speed&quot;:&quot;0&quot;,&quot;title&quot;:&quot;&quot;,&quot;orientation&quot;:&quot;0&quot;}\" data-image-title=\"paso-01\" data-image-description=\"\" data-image-caption=\"\" data-large-file=\"https:\/\/eldiariodesanpedro.com.ar\/sitio\/wp-content\/uploads\/2019\/08\/paso-01.jpg\" data-src=\"https:\/\/eldiariodesanpedro.com.ar\/sitio\/wp-content\/uploads\/2019\/08\/paso-01.jpg\" alt=\"\" class=\"wp-image-57979 lazyload\" data-srcset=\"https:\/\/eldiariodesanpedro.com.ar\/sitio\/wp-content\/uploads\/2019\/08\/paso-01.jpg 563w, https:\/\/eldiariodesanpedro.com.ar\/sitio\/wp-content\/uploads\/2019\/08\/paso-01-238x300.jpg 238w\" data-sizes=\"(max-width: 563px) 100vw, 563px\" src=\"data:image\/svg+xml;base64,PHN2ZyB3aWR0aD0iMSIgaGVpZ2h0PSIxIiB4bWxucz0iaHR0cDovL3d3dy53My5vcmcvMjAwMC9zdmciPjwvc3ZnPg==\" style=\"--smush-placeholder-width: 563px; --smush-placeholder-aspect-ratio: 563\/711;\" \/><\/figure>\n\n\n\n<p><br><\/p>\n","protected":false},"excerpt":{"rendered":"<p>Tras las PASO 2019 en la Ciudad de Z\u00e1rate hubo tres ganadores por haber ganado sus internas y la confirmaci\u00f3n de que la Izquierda otra vez supera las PASO y estar\u00e1 en las elecciones generales. Osvaldo C\u00e1ffaro en el Frente de Todos obtuvo 34891 votos, con un total del frente en la interna de un [&hellip;]<\/p>\n","protected":false},"author":4,"featured_media":57980,"comment_status":"open","ping_status":"closed","sticky":false,"template":"","format":"standard","meta":{"om_disable_all_campaigns":false,"_jetpack_memberships_contains_paid_content":false,"footnotes":""},"categories":[621],"tags":[],"class_list":["post-57978","post","type-post","status-publish","format-standard","has-post-thumbnail","hentry","category-regionales"],"aioseo_notices":[],"gutentor_comment":0,"jetpack_featured_media_url":"https:\/\/eldiariodesanpedro.com.ar\/sitio\/wp-content\/uploads\/2019\/08\/caffaro-2-1050x591.jpeg","jetpack_shortlink":"https:\/\/wp.me\/p6RhLt-f58","jetpack_sharing_enabled":true,"_links":{"self":[{"href":"https:\/\/eldiariodesanpedro.com.ar\/sitio\/wp-json\/wp\/v2\/posts\/57978","targetHints":{"allow":["GET"]}}],"collection":[{"href":"https:\/\/eldiariodesanpedro.com.ar\/sitio\/wp-json\/wp\/v2\/posts"}],"about":[{"href":"https:\/\/eldiariodesanpedro.com.ar\/sitio\/wp-json\/wp\/v2\/types\/post"}],"author":[{"embeddable":true,"href":"https:\/\/eldiariodesanpedro.com.ar\/sitio\/wp-json\/wp\/v2\/users\/4"}],"replies":[{"embeddable":true,"href":"https:\/\/eldiariodesanpedro.com.ar\/sitio\/wp-json\/wp\/v2\/comments?post=57978"}],"version-history":[{"count":1,"href":"https:\/\/eldiariodesanpedro.com.ar\/sitio\/wp-json\/wp\/v2\/posts\/57978\/revisions"}],"predecessor-version":[{"id":57981,"href":"https:\/\/eldiariodesanpedro.com.ar\/sitio\/wp-json\/wp\/v2\/posts\/57978\/revisions\/57981"}],"wp:featuredmedia":[{"embeddable":true,"href":"https:\/\/eldiariodesanpedro.com.ar\/sitio\/wp-json\/wp\/v2\/media\/57980"}],"wp:attachment":[{"href":"https:\/\/eldiariodesanpedro.com.ar\/sitio\/wp-json\/wp\/v2\/media?parent=57978"}],"wp:term":[{"taxonomy":"category","embeddable":true,"href":"https:\/\/eldiariodesanpedro.com.ar\/sitio\/wp-json\/wp\/v2\/categories?post=57978"},{"taxonomy":"post_tag","embeddable":true,"href":"https:\/\/eldiariodesanpedro.com.ar\/sitio\/wp-json\/wp\/v2\/tags?post=57978"}],"curies":[{"name":"wp","href":"https:\/\/api.w.org\/{rel}","templated":true}]}}