{"id":57917,"date":"2019-08-11T14:30:14","date_gmt":"2019-08-11T17:30:14","guid":{"rendered":"https:\/\/eldiariodesanpedro.com.ar\/sitio\/?p=57917"},"modified":"2019-08-11T14:30:18","modified_gmt":"2019-08-11T17:30:18","slug":"ramallo-roban-elementos-de-una-casa-y-abandonan-las-herramientas-de-trabajo","status":"publish","type":"post","link":"https:\/\/eldiariodesanpedro.com.ar\/sitio\/ramallo-roban-elementos-de-una-casa-y-abandonan-las-herramientas-de-trabajo\/","title":{"rendered":"RAMALLO | Roban elementos de una casa y abandonan las herramientas de trabajo"},"content":{"rendered":"<!-- VideographyWP Plugin Message: Automatic video embedding prevented by plugin options. -->\n\n<p>En Villa Ramallo, una ciudadana denunci\u00f3 que el martes, desconocidos forzaron el ingreso a un port\u00f3n y sustrajeron elementos de jardiner\u00eda.<\/p>\n\n\n\n<p>La vecina se present\u00f3 en la Estaci\u00f3n Comunal Ramallo Segunda para dejar asentado que el d\u00eda Martes 6 por la ma\u00f1ana descubri\u00f3 que en su domicilio ubicado en la calle Ginochio al 900, delincuentes forzaron un postigo para ingresar.<\/p>\n\n\n\n<p><em><strong>Al relevar los elementos faltantes, se dio cuenta que le faltaban una pala, una tijera de podar y una bordeadora, entre otros elementos, de los cuales hall\u00f3 algunos en los alrededores de la casa<\/strong><\/em><\/p>\n\n\n\n<p>Se iniciaron entonces actuaciones judiciales por robo.<\/p>\n\n\n\n<p>Fuente: Ramallo Informa<\/p>\n","protected":false},"excerpt":{"rendered":"<p>En Villa Ramallo, una ciudadana denunci\u00f3 que el martes, desconocidos forzaron el ingreso a un port\u00f3n y sustrajeron elementos de jardiner\u00eda. La vecina se present\u00f3 en la Estaci\u00f3n Comunal Ramallo Segunda para dejar asentado que el d\u00eda Martes 6 por la ma\u00f1ana descubri\u00f3 que en su domicilio ubicado en la calle Ginochio al 900, delincuentes [&hellip;]<\/p>\n","protected":false},"author":4,"featured_media":57918,"comment_status":"open","ping_status":"closed","sticky":false,"template":"","format":"standard","meta":{"om_disable_all_campaigns":false,"_jetpack_memberships_contains_paid_content":false,"footnotes":""},"categories":[621],"tags":[],"class_list":["post-57917","post","type-post","status-publish","format-standard","has-post-thumbnail","hentry","category-regionales"],"aioseo_notices":[],"gutentor_comment":0,"jetpack_featured_media_url":"https:\/\/eldiariodesanpedro.com.ar\/sitio\/wp-content\/uploads\/2019\/08\/pala.jpg","jetpack_shortlink":"https:\/\/wp.me\/p6RhLt-f49","jetpack_sharing_enabled":true,"_links":{"self":[{"href":"https:\/\/eldiariodesanpedro.com.ar\/sitio\/wp-json\/wp\/v2\/posts\/57917","targetHints":{"allow":["GET"]}}],"collection":[{"href":"https:\/\/eldiariodesanpedro.com.ar\/sitio\/wp-json\/wp\/v2\/posts"}],"about":[{"href":"https:\/\/eldiariodesanpedro.com.ar\/sitio\/wp-json\/wp\/v2\/types\/post"}],"author":[{"embeddable":true,"href":"https:\/\/eldiariodesanpedro.com.ar\/sitio\/wp-json\/wp\/v2\/users\/4"}],"replies":[{"embeddable":true,"href":"https:\/\/eldiariodesanpedro.com.ar\/sitio\/wp-json\/wp\/v2\/comments?post=57917"}],"version-history":[{"count":1,"href":"https:\/\/eldiariodesanpedro.com.ar\/sitio\/wp-json\/wp\/v2\/posts\/57917\/revisions"}],"predecessor-version":[{"id":57919,"href":"https:\/\/eldiariodesanpedro.com.ar\/sitio\/wp-json\/wp\/v2\/posts\/57917\/revisions\/57919"}],"wp:featuredmedia":[{"embeddable":true,"href":"https:\/\/eldiariodesanpedro.com.ar\/sitio\/wp-json\/wp\/v2\/media\/57918"}],"wp:attachment":[{"href":"https:\/\/eldiariodesanpedro.com.ar\/sitio\/wp-json\/wp\/v2\/media?parent=57917"}],"wp:term":[{"taxonomy":"category","embeddable":true,"href":"https:\/\/eldiariodesanpedro.com.ar\/sitio\/wp-json\/wp\/v2\/categories?post=57917"},{"taxonomy":"post_tag","embeddable":true,"href":"https:\/\/eldiariodesanpedro.com.ar\/sitio\/wp-json\/wp\/v2\/tags?post=57917"}],"curies":[{"name":"wp","href":"https:\/\/api.w.org\/{rel}","templated":true}]}}