{"id":57914,"date":"2019-08-11T14:27:55","date_gmt":"2019-08-11T17:27:55","guid":{"rendered":"https:\/\/eldiariodesanpedro.com.ar\/sitio\/?p=57914"},"modified":"2019-08-11T14:27:59","modified_gmt":"2019-08-11T17:27:59","slug":"ramallo-incendio-intencional-en-una-vivienda-2","status":"publish","type":"post","link":"https:\/\/eldiariodesanpedro.com.ar\/sitio\/ramallo-incendio-intencional-en-una-vivienda-2\/","title":{"rendered":"RAMALLO | Incendio intencional en una vivienda"},"content":{"rendered":"<!-- VideographyWP Plugin Message: Automatic video embedding prevented by plugin options. -->\n\n<p>El hecho sucedi\u00f3 este mi\u00e9rcoles 7 de agosto al atardecer, en la Costa Pobre. All\u00ed, una de las casas ubicadas en esa zona fue incendiada de modo intencional por una disputa entre vecinos.<\/p>\n\n\n\n<p>El conflicto hab\u00eda comenzado con el incendio de un veh\u00edculo, pero el fuego se extendi\u00f3 y tom\u00f3 parte de la vivienda. Los damnificados,<strong>\u00a0Mario Bernacchia<\/strong>\u00a0y\u00a0<strong>Noem\u00ed Casarina<\/strong>, hicieron la denuncia en la Estaci\u00f3n de Polic\u00eda Comunal Ramallo Segunda.<\/p>\n\n\n\n<p>Personal de esa seccional se dirigi\u00f3 al lugar y aprehendi\u00f3 a dos sujetos mayores y dos menores de edad.<\/p>\n\n\n\n<p>Actuaron dos dotaciones de Bomberos Voluntarios que apagaron el fuego.<\/p>\n\n\n\n<p>Fuente: Ramallo Ciudad<\/p>\n","protected":false},"excerpt":{"rendered":"<p>El hecho sucedi\u00f3 este mi\u00e9rcoles 7 de agosto al atardecer, en la Costa Pobre. All\u00ed, una de las casas ubicadas en esa zona fue incendiada de modo intencional por una disputa entre vecinos. El conflicto hab\u00eda comenzado con el incendio de un veh\u00edculo, pero el fuego se extendi\u00f3 y tom\u00f3 parte de la vivienda. Los [&hellip;]<\/p>\n","protected":false},"author":4,"featured_media":57915,"comment_status":"open","ping_status":"closed","sticky":false,"template":"","format":"standard","meta":{"om_disable_all_campaigns":false,"_jetpack_memberships_contains_paid_content":false,"footnotes":""},"categories":[621],"tags":[],"class_list":["post-57914","post","type-post","status-publish","format-standard","has-post-thumbnail","hentry","category-regionales"],"aioseo_notices":[],"gutentor_comment":0,"jetpack_featured_media_url":"https:\/\/eldiariodesanpedro.com.ar\/sitio\/wp-content\/uploads\/2019\/08\/bbx_546593082_1_incendio-1.jpg","jetpack_shortlink":"https:\/\/wp.me\/p6RhLt-f46","jetpack_sharing_enabled":true,"_links":{"self":[{"href":"https:\/\/eldiariodesanpedro.com.ar\/sitio\/wp-json\/wp\/v2\/posts\/57914","targetHints":{"allow":["GET"]}}],"collection":[{"href":"https:\/\/eldiariodesanpedro.com.ar\/sitio\/wp-json\/wp\/v2\/posts"}],"about":[{"href":"https:\/\/eldiariodesanpedro.com.ar\/sitio\/wp-json\/wp\/v2\/types\/post"}],"author":[{"embeddable":true,"href":"https:\/\/eldiariodesanpedro.com.ar\/sitio\/wp-json\/wp\/v2\/users\/4"}],"replies":[{"embeddable":true,"href":"https:\/\/eldiariodesanpedro.com.ar\/sitio\/wp-json\/wp\/v2\/comments?post=57914"}],"version-history":[{"count":1,"href":"https:\/\/eldiariodesanpedro.com.ar\/sitio\/wp-json\/wp\/v2\/posts\/57914\/revisions"}],"predecessor-version":[{"id":57916,"href":"https:\/\/eldiariodesanpedro.com.ar\/sitio\/wp-json\/wp\/v2\/posts\/57914\/revisions\/57916"}],"wp:featuredmedia":[{"embeddable":true,"href":"https:\/\/eldiariodesanpedro.com.ar\/sitio\/wp-json\/wp\/v2\/media\/57915"}],"wp:attachment":[{"href":"https:\/\/eldiariodesanpedro.com.ar\/sitio\/wp-json\/wp\/v2\/media?parent=57914"}],"wp:term":[{"taxonomy":"category","embeddable":true,"href":"https:\/\/eldiariodesanpedro.com.ar\/sitio\/wp-json\/wp\/v2\/categories?post=57914"},{"taxonomy":"post_tag","embeddable":true,"href":"https:\/\/eldiariodesanpedro.com.ar\/sitio\/wp-json\/wp\/v2\/tags?post=57914"}],"curies":[{"name":"wp","href":"https:\/\/api.w.org\/{rel}","templated":true}]}}