{"id":57911,"date":"2019-08-11T14:25:57","date_gmt":"2019-08-11T17:25:57","guid":{"rendered":"https:\/\/eldiariodesanpedro.com.ar\/sitio\/?p=57911"},"modified":"2019-08-11T14:26:01","modified_gmt":"2019-08-11T17:26:01","slug":"ramallo-ya-se-puede-retirar-la-licencia-de-conducir-en-el-dia","status":"publish","type":"post","link":"https:\/\/eldiariodesanpedro.com.ar\/sitio\/ramallo-ya-se-puede-retirar-la-licencia-de-conducir-en-el-dia\/","title":{"rendered":"RAMALLO | Ya se puede retirar la licencia de conducir en el d\u00eda"},"content":{"rendered":"<!-- VideographyWP Plugin Message: Automatic video embedding prevented by plugin options. -->\n\n<p>Desde este jueves 8 de agosto, funciona en la Oficina Municipal de Licencias de Conducir la nueva impresora que permite entregar el carnet de conducir en el mismo d\u00eda.<\/p>\n\n\n\n<p>Luego de un periodo de prueba, qued\u00f3 habilitada la impresora especial que confecciona las credenciales en el momento, la maquina hab\u00eda sido adquirida en junio pasado.<\/p>\n\n\n\n<p>Antes el tr\u00e1mite se realizaba en Ramallo pero se enviaba a Pergamino y ten\u00eda una demora de tres d\u00edas. Con el nuevo sistema, se puede obtener la credencial en el mismo momento. <\/p>\n\n\n\n<p>Fuente: Ramallo Ciudad<\/p>\n","protected":false},"excerpt":{"rendered":"<p>Desde este jueves 8 de agosto, funciona en la Oficina Municipal de Licencias de Conducir la nueva impresora que permite entregar el carnet de conducir en el mismo d\u00eda. Luego de un periodo de prueba, qued\u00f3 habilitada la impresora especial que confecciona las credenciales en el momento, la maquina hab\u00eda sido adquirida en junio pasado. [&hellip;]<\/p>\n","protected":false},"author":4,"featured_media":57912,"comment_status":"open","ping_status":"closed","sticky":false,"template":"","format":"standard","meta":{"om_disable_all_campaigns":false,"_jetpack_memberships_contains_paid_content":false,"footnotes":""},"categories":[621],"tags":[],"class_list":["post-57911","post","type-post","status-publish","format-standard","has-post-thumbnail","hentry","category-regionales"],"aioseo_notices":[],"gutentor_comment":0,"jetpack_featured_media_url":"https:\/\/eldiariodesanpedro.com.ar\/sitio\/wp-content\/uploads\/2019\/08\/bbx_760437268_1_impresora.jpg","jetpack_shortlink":"https:\/\/wp.me\/p6RhLt-f43","jetpack_sharing_enabled":true,"_links":{"self":[{"href":"https:\/\/eldiariodesanpedro.com.ar\/sitio\/wp-json\/wp\/v2\/posts\/57911","targetHints":{"allow":["GET"]}}],"collection":[{"href":"https:\/\/eldiariodesanpedro.com.ar\/sitio\/wp-json\/wp\/v2\/posts"}],"about":[{"href":"https:\/\/eldiariodesanpedro.com.ar\/sitio\/wp-json\/wp\/v2\/types\/post"}],"author":[{"embeddable":true,"href":"https:\/\/eldiariodesanpedro.com.ar\/sitio\/wp-json\/wp\/v2\/users\/4"}],"replies":[{"embeddable":true,"href":"https:\/\/eldiariodesanpedro.com.ar\/sitio\/wp-json\/wp\/v2\/comments?post=57911"}],"version-history":[{"count":1,"href":"https:\/\/eldiariodesanpedro.com.ar\/sitio\/wp-json\/wp\/v2\/posts\/57911\/revisions"}],"predecessor-version":[{"id":57913,"href":"https:\/\/eldiariodesanpedro.com.ar\/sitio\/wp-json\/wp\/v2\/posts\/57911\/revisions\/57913"}],"wp:featuredmedia":[{"embeddable":true,"href":"https:\/\/eldiariodesanpedro.com.ar\/sitio\/wp-json\/wp\/v2\/media\/57912"}],"wp:attachment":[{"href":"https:\/\/eldiariodesanpedro.com.ar\/sitio\/wp-json\/wp\/v2\/media?parent=57911"}],"wp:term":[{"taxonomy":"category","embeddable":true,"href":"https:\/\/eldiariodesanpedro.com.ar\/sitio\/wp-json\/wp\/v2\/categories?post=57911"},{"taxonomy":"post_tag","embeddable":true,"href":"https:\/\/eldiariodesanpedro.com.ar\/sitio\/wp-json\/wp\/v2\/tags?post=57911"}],"curies":[{"name":"wp","href":"https:\/\/api.w.org\/{rel}","templated":true}]}}