{"id":57908,"date":"2019-08-11T14:23:04","date_gmt":"2019-08-11T17:23:04","guid":{"rendered":"https:\/\/eldiariodesanpedro.com.ar\/sitio\/?p=57908"},"modified":"2019-08-11T14:23:08","modified_gmt":"2019-08-11T17:23:08","slug":"san-nicolas-el-lunes-habra-clases-en-la-mayoria-de-las-escuelas","status":"publish","type":"post","link":"https:\/\/eldiariodesanpedro.com.ar\/sitio\/san-nicolas-el-lunes-habra-clases-en-la-mayoria-de-las-escuelas\/","title":{"rendered":"SAN NICOL\u00c1S | El lunes habr\u00e1 clases en la mayor\u00eda de las escuelas"},"content":{"rendered":"<!-- VideographyWP Plugin Message: Automatic video embedding prevented by plugin options. -->\n\n<p>\n\nLa Direcci\u00f3n General de Educaci\u00f3n y Cultura bonaerense asever\u00f3 que el lunes 12 de agosto, el d\u00eda despu\u00e9s de los comicios, habr\u00e1 clases en los establecimientos educativos tanto p\u00fablicos como privados.<\/p>\n\n\n\n<p>En algunas instituciones se prev\u00e9 que de 8:00 a 10:00 se realizar\u00e1n tareas de limpieza para que las clases puedan iniciar a las 10:00.<\/p>\n\n\n\n<p>No obstante, cada escuela es responsable de notificar a su comunidad educativa el horario exacto de inicio. <\/p>\n\n\n\n<p><strong>Fuente: Diario El Informante<\/strong><\/p>\n","protected":false},"excerpt":{"rendered":"<p>La Direcci\u00f3n General de Educaci\u00f3n y Cultura bonaerense asever\u00f3 que el lunes 12 de agosto, el d\u00eda despu\u00e9s de los comicios, habr\u00e1 clases en los establecimientos educativos tanto p\u00fablicos como privados. En algunas instituciones se prev\u00e9 que de 8:00 a 10:00 se realizar\u00e1n tareas de limpieza para que las clases puedan iniciar a las 10:00. [&hellip;]<\/p>\n","protected":false},"author":4,"featured_media":57909,"comment_status":"open","ping_status":"closed","sticky":false,"template":"","format":"standard","meta":{"om_disable_all_campaigns":false,"_jetpack_memberships_contains_paid_content":false,"footnotes":""},"categories":[621],"tags":[],"class_list":["post-57908","post","type-post","status-publish","format-standard","has-post-thumbnail","hentry","category-regionales"],"aioseo_notices":[],"gutentor_comment":0,"jetpack_featured_media_url":"https:\/\/eldiariodesanpedro.com.ar\/sitio\/wp-content\/uploads\/2019\/08\/no_8jpj1r6l7v0vgkqWhatsApp_Image_2019_08_11_at_10.jpg","jetpack_shortlink":"https:\/\/wp.me\/p6RhLt-f40","jetpack_sharing_enabled":true,"_links":{"self":[{"href":"https:\/\/eldiariodesanpedro.com.ar\/sitio\/wp-json\/wp\/v2\/posts\/57908","targetHints":{"allow":["GET"]}}],"collection":[{"href":"https:\/\/eldiariodesanpedro.com.ar\/sitio\/wp-json\/wp\/v2\/posts"}],"about":[{"href":"https:\/\/eldiariodesanpedro.com.ar\/sitio\/wp-json\/wp\/v2\/types\/post"}],"author":[{"embeddable":true,"href":"https:\/\/eldiariodesanpedro.com.ar\/sitio\/wp-json\/wp\/v2\/users\/4"}],"replies":[{"embeddable":true,"href":"https:\/\/eldiariodesanpedro.com.ar\/sitio\/wp-json\/wp\/v2\/comments?post=57908"}],"version-history":[{"count":1,"href":"https:\/\/eldiariodesanpedro.com.ar\/sitio\/wp-json\/wp\/v2\/posts\/57908\/revisions"}],"predecessor-version":[{"id":57910,"href":"https:\/\/eldiariodesanpedro.com.ar\/sitio\/wp-json\/wp\/v2\/posts\/57908\/revisions\/57910"}],"wp:featuredmedia":[{"embeddable":true,"href":"https:\/\/eldiariodesanpedro.com.ar\/sitio\/wp-json\/wp\/v2\/media\/57909"}],"wp:attachment":[{"href":"https:\/\/eldiariodesanpedro.com.ar\/sitio\/wp-json\/wp\/v2\/media?parent=57908"}],"wp:term":[{"taxonomy":"category","embeddable":true,"href":"https:\/\/eldiariodesanpedro.com.ar\/sitio\/wp-json\/wp\/v2\/categories?post=57908"},{"taxonomy":"post_tag","embeddable":true,"href":"https:\/\/eldiariodesanpedro.com.ar\/sitio\/wp-json\/wp\/v2\/tags?post=57908"}],"curies":[{"name":"wp","href":"https:\/\/api.w.org\/{rel}","templated":true}]}}