{"id":578,"date":"2015-11-23T22:45:21","date_gmt":"2015-11-24T01:45:21","guid":{"rendered":"http:\/\/www.eldiariodesanpedro.com.ar\/?p=578"},"modified":"2015-11-26T22:46:41","modified_gmt":"2015-11-27T01:46:41","slug":"dos-viviendas-incendiadas-con-poco-tiempo-de-diferencia","status":"publish","type":"post","link":"https:\/\/eldiariodesanpedro.com.ar\/sitio\/dos-viviendas-incendiadas-con-poco-tiempo-de-diferencia\/","title":{"rendered":"Dos viviendas incendiadas con poco tiempo de diferencia"},"content":{"rendered":"<p><!-- VideographyWP Plugin Message: Automatic video embedding prevented by plugin options. --><br \/>\nUno de los siniestros se produjo el s\u00e1bado en Cruz Roja y D\u00e1vila, promediando las 23.30 hs. Mientras que en la madrugada del domingo, alrededor de las 00.30 en Alvear 1625 otra vivienda fue destruida por las llamas.<br \/>\nEn el primero de los casos, una dotaci\u00f3n de Bomberos Voluntarios a cargo de la Suboficial Ayudante Mayor Alejandra Ojeda, debi\u00f3 trabajar intensamente para sofocar las llamas que se hab\u00edan generado en el domicilio.<br \/>\nMientras que en cercan\u00edas de ese lugar, casi una hora despu\u00e9s, nuevamente el Cuartel Central debi\u00f3 enviar una unidad, a cargo del Oficial Auxiliar de Escuadra Carlos Vallejos, esta vez a Alvear al 1600 para apagar el incendio que se hab\u00eda producido en una morada.<br \/>\nEl suceso deber\u00e1 ser investigado por la justicia, para corroborar si se trat\u00f3 de dos hechos intencionales, llama la atenci\u00f3n la proximidad geogr\u00e1ficas y el poco margen de tiempo en que se produjeron ambos.<\/p>\n","protected":false},"excerpt":{"rendered":"<p>Uno de los siniestros se produjo el s\u00e1bado en Cruz Roja y D\u00e1vila, promediando las 23.30 hs. Mientras que en la madrugada del domingo, alrededor de las 00.30 en Alvear 1625 otra vivienda fue destruida por las llamas. En el primero de los casos, una dotaci\u00f3n de Bomberos Voluntarios a cargo de la Suboficial Ayudante [&hellip;]<\/p>\n","protected":false},"author":4,"featured_media":580,"comment_status":"open","ping_status":"closed","sticky":false,"template":"","format":"standard","meta":{"om_disable_all_campaigns":false,"_jetpack_memberships_contains_paid_content":false,"footnotes":""},"categories":[101,2],"tags":[],"class_list":["post-578","post","type-post","status-publish","format-standard","has-post-thumbnail","hentry","category-interes-general-locales","category-locales"],"aioseo_notices":[],"gutentor_comment":0,"jetpack_featured_media_url":"https:\/\/eldiariodesanpedro.com.ar\/sitio\/wp-content\/uploads\/2015\/11\/PAGINA-51.jpg","jetpack_shortlink":"https:\/\/wp.me\/p6RhLt-9k","jetpack_sharing_enabled":true,"_links":{"self":[{"href":"https:\/\/eldiariodesanpedro.com.ar\/sitio\/wp-json\/wp\/v2\/posts\/578","targetHints":{"allow":["GET"]}}],"collection":[{"href":"https:\/\/eldiariodesanpedro.com.ar\/sitio\/wp-json\/wp\/v2\/posts"}],"about":[{"href":"https:\/\/eldiariodesanpedro.com.ar\/sitio\/wp-json\/wp\/v2\/types\/post"}],"author":[{"embeddable":true,"href":"https:\/\/eldiariodesanpedro.com.ar\/sitio\/wp-json\/wp\/v2\/users\/4"}],"replies":[{"embeddable":true,"href":"https:\/\/eldiariodesanpedro.com.ar\/sitio\/wp-json\/wp\/v2\/comments?post=578"}],"version-history":[{"count":1,"href":"https:\/\/eldiariodesanpedro.com.ar\/sitio\/wp-json\/wp\/v2\/posts\/578\/revisions"}],"predecessor-version":[{"id":581,"href":"https:\/\/eldiariodesanpedro.com.ar\/sitio\/wp-json\/wp\/v2\/posts\/578\/revisions\/581"}],"wp:featuredmedia":[{"embeddable":true,"href":"https:\/\/eldiariodesanpedro.com.ar\/sitio\/wp-json\/wp\/v2\/media\/580"}],"wp:attachment":[{"href":"https:\/\/eldiariodesanpedro.com.ar\/sitio\/wp-json\/wp\/v2\/media?parent=578"}],"wp:term":[{"taxonomy":"category","embeddable":true,"href":"https:\/\/eldiariodesanpedro.com.ar\/sitio\/wp-json\/wp\/v2\/categories?post=578"},{"taxonomy":"post_tag","embeddable":true,"href":"https:\/\/eldiariodesanpedro.com.ar\/sitio\/wp-json\/wp\/v2\/tags?post=578"}],"curies":[{"name":"wp","href":"https:\/\/api.w.org\/{rel}","templated":true}]}}