{"id":57759,"date":"2019-08-08T10:36:26","date_gmt":"2019-08-08T13:36:26","guid":{"rendered":"https:\/\/eldiariodesanpedro.com.ar\/sitio\/?p=57759"},"modified":"2019-08-08T10:36:31","modified_gmt":"2019-08-08T13:36:31","slug":"campana-le-estan-pidiendo-a-honda-que-anuncie-el-cierre-y-el-despido-del-personal-luego-de-las-elecciones","status":"publish","type":"post","link":"https:\/\/eldiariodesanpedro.com.ar\/sitio\/campana-le-estan-pidiendo-a-honda-que-anuncie-el-cierre-y-el-despido-del-personal-luego-de-las-elecciones\/","title":{"rendered":"CAMPANA: \u201cLe est\u00e1n pidiendo a Honda que anuncie el cierre y el despido del personal luego de las elecciones\u201d"},"content":{"rendered":"<!-- VideographyWP Plugin Message: Automatic video embedding prevented by plugin options. -->\n\n<p>As\u00ed lo confirm\u00f3 el abogado Adri\u00e1n Arena presidente de la Escuela Superior de Derecho y Pr\u00e1ctica Forense (ESDEyPF).<\/p>\n\n\n\n<p>En las \u00faltimas horas, los medios nacionales se hicieron eco de los rumores del posible cierre de la Planta Campana de la automotriz Honda, dado que est\u00e1 fabricando pocos modelos en nuestro pa\u00eds. Es m\u00e1s, en 2016 la compa\u00f1\u00eda japonesa cerr\u00f3 su planta de Florencio Varela donde trabajaban 250 operarios y traslad\u00f3 su producci\u00f3n a Campana.<\/p>\n\n\n\n<p>Con la crisis econ\u00f3mica haciendo mella en las ventas y con el aumento constante de los costos fijos, los directivos decidieron a principios de a\u00f1o reducir en un 30 por ciento el salario de los casi 700 operarios.<\/p>\n\n\n\n<p>En las \u00faltimas horas, el presidente de la Escuela Superior de Derecho y Pr\u00e1ctica Forense (ESDEyPF), Adri\u00e1n Arena, alert\u00f3 en las redes sociales a los trabajadores: \u201cDesde el Gobierno Nacional le est\u00e1n pidiendo a la automotriz Honda que anuncie el cierre y el despido del personal luego de las elecciones\u201d.<\/p>\n\n\n\n<p>La incertidumbre sobre el futuro de la compa\u00f1\u00eda cal\u00f3 hondo en las autoridades municipales de Campana ante la p\u00e9rdida importante de esa fuente laboral y alert\u00f3, tambi\u00e9n, a los operarios.<\/p>\n\n\n\n<p>\u201cHonda fue inaugurada en 2011 por&nbsp;CFK&nbsp;y demand\u00f3 una inversi\u00f3n de U$S 250 millones. En ese momento, la automotriz anunciaba que se instalaba porque confiaba en la Argentina. Con Macri, el previsible y republicano dejaron de hacerlo\u201d, detall\u00f3 en las redes sociales Arena, que se identifica con el liberalismo econ\u00f3mico.<\/p>\n\n\n\n<p>Las aseveraciones del letrado de San Mart\u00edn, tambi\u00e9n est\u00e1n en consonancia con la publicaci\u00f3n del portal IProfesional que asegura que la Casa Rosada est\u00e1 realizando esfuerzos para que Honda postergue su salida del pa\u00eds.<\/p>\n\n\n\n<p>Fuente: Info Blanco sobre Negro<\/p>\n\n\n\n<p><br><\/p>\n","protected":false},"excerpt":{"rendered":"<p>As\u00ed lo confirm\u00f3 el abogado Adri\u00e1n Arena presidente de la Escuela Superior de Derecho y Pr\u00e1ctica Forense (ESDEyPF). En las \u00faltimas horas, los medios nacionales se hicieron eco de los rumores del posible cierre de la Planta Campana de la automotriz Honda, dado que est\u00e1 fabricando pocos modelos en nuestro pa\u00eds. Es m\u00e1s, en 2016 [&hellip;]<\/p>\n","protected":false},"author":4,"featured_media":57760,"comment_status":"open","ping_status":"closed","sticky":false,"template":"","format":"standard","meta":{"om_disable_all_campaigns":false,"_jetpack_memberships_contains_paid_content":false,"footnotes":""},"categories":[621],"tags":[],"class_list":["post-57759","post","type-post","status-publish","format-standard","has-post-thumbnail","hentry","category-regionales"],"aioseo_notices":[],"gutentor_comment":0,"jetpack_featured_media_url":"https:\/\/eldiariodesanpedro.com.ar\/sitio\/wp-content\/uploads\/2019\/08\/honda.jpg","jetpack_shortlink":"https:\/\/wp.me\/p6RhLt-f1B","jetpack_sharing_enabled":true,"_links":{"self":[{"href":"https:\/\/eldiariodesanpedro.com.ar\/sitio\/wp-json\/wp\/v2\/posts\/57759","targetHints":{"allow":["GET"]}}],"collection":[{"href":"https:\/\/eldiariodesanpedro.com.ar\/sitio\/wp-json\/wp\/v2\/posts"}],"about":[{"href":"https:\/\/eldiariodesanpedro.com.ar\/sitio\/wp-json\/wp\/v2\/types\/post"}],"author":[{"embeddable":true,"href":"https:\/\/eldiariodesanpedro.com.ar\/sitio\/wp-json\/wp\/v2\/users\/4"}],"replies":[{"embeddable":true,"href":"https:\/\/eldiariodesanpedro.com.ar\/sitio\/wp-json\/wp\/v2\/comments?post=57759"}],"version-history":[{"count":1,"href":"https:\/\/eldiariodesanpedro.com.ar\/sitio\/wp-json\/wp\/v2\/posts\/57759\/revisions"}],"predecessor-version":[{"id":57761,"href":"https:\/\/eldiariodesanpedro.com.ar\/sitio\/wp-json\/wp\/v2\/posts\/57759\/revisions\/57761"}],"wp:featuredmedia":[{"embeddable":true,"href":"https:\/\/eldiariodesanpedro.com.ar\/sitio\/wp-json\/wp\/v2\/media\/57760"}],"wp:attachment":[{"href":"https:\/\/eldiariodesanpedro.com.ar\/sitio\/wp-json\/wp\/v2\/media?parent=57759"}],"wp:term":[{"taxonomy":"category","embeddable":true,"href":"https:\/\/eldiariodesanpedro.com.ar\/sitio\/wp-json\/wp\/v2\/categories?post=57759"},{"taxonomy":"post_tag","embeddable":true,"href":"https:\/\/eldiariodesanpedro.com.ar\/sitio\/wp-json\/wp\/v2\/tags?post=57759"}],"curies":[{"name":"wp","href":"https:\/\/api.w.org\/{rel}","templated":true}]}}