{"id":57756,"date":"2019-08-08T10:11:58","date_gmt":"2019-08-08T13:11:58","guid":{"rendered":"https:\/\/eldiariodesanpedro.com.ar\/sitio\/?p=57756"},"modified":"2019-08-08T10:12:02","modified_gmt":"2019-08-08T13:12:02","slug":"campana-tras-la-manifestacion-el-municipio-reacondiciono-el-palacio-y-los-alrededores","status":"publish","type":"post","link":"https:\/\/eldiariodesanpedro.com.ar\/sitio\/campana-tras-la-manifestacion-el-municipio-reacondiciono-el-palacio-y-los-alrededores\/","title":{"rendered":"CAMPANA: Tras la manifestaci\u00f3n, el Municipio reacondicion\u00f3 el Palacio y los alrededores"},"content":{"rendered":"<!-- VideographyWP Plugin Message: Automatic video embedding prevented by plugin options. -->\n\n<p> \u00abLa violenta protesta realizada por el sindicato del personal de Seguridad provoc\u00f3 importantes da\u00f1os y suciedad\u00bb se\u00f1alaron desde la Comuna.<\/p>\n\n\n\n<p>\n\nLuego de la protesta del martes, catalogada como \u00abviolenta\u00bb por las autoridades, el Municipio dispuso un inmediato operativo de limpieza y refacci\u00f3n frente al Palacio Municipal y sus alrededores que comenz\u00f3 el mismo martes y finaliz\u00f3 en la ma\u00f1ana de este mi\u00e9rcoles.&nbsp;<\/p>\n\n\n\n<p>Los trabajos incluyeron la limpieza de la avenida y parte de la plaza Eduardo Costa, que estaban cubiertas de holl\u00edn por la quema de gomas y carteles, y la restauraci\u00f3n de las se\u00f1al\u00e9ticas viales horizontales, afectadas por la misma situaci\u00f3n.&nbsp;<\/p>\n\n\n\n<p>La manifestaci\u00f3n fue realizada el Martes frente a la explanada de la Municipalidad por dirigentes del sindicato del personal de Seguridad de la Rep\u00fablica Argentina, quienes quemaron cubiertas y despu\u00e9s armaron una hoguera con decenas de carteles de la campa\u00f1a del intendente Sebasti\u00e1n Abella.&nbsp;<\/p>\n\n\n\n<p>Como consecuencia, el Instituto de Formaci\u00f3n Docente N\u00ba 15 y el propio edificio municipal debieron ser evacuados por el peligro de intoxicaci\u00f3n por el denso humo negro.\n\n<\/p>\n\n\n\n<p><br><\/p>\n","protected":false},"excerpt":{"rendered":"<p>\u00abLa violenta protesta realizada por el sindicato del personal de Seguridad provoc\u00f3 importantes da\u00f1os y suciedad\u00bb se\u00f1alaron desde la Comuna. Luego de la protesta del martes, catalogada como \u00abviolenta\u00bb por las autoridades, el Municipio dispuso un inmediato operativo de limpieza y refacci\u00f3n frente al Palacio Municipal y sus alrededores que comenz\u00f3 el mismo martes y [&hellip;]<\/p>\n","protected":false},"author":4,"featured_media":57757,"comment_status":"open","ping_status":"closed","sticky":false,"template":"","format":"standard","meta":{"om_disable_all_campaigns":false,"_jetpack_memberships_contains_paid_content":false,"footnotes":""},"categories":[621],"tags":[],"class_list":["post-57756","post","type-post","status-publish","format-standard","has-post-thumbnail","hentry","category-regionales"],"aioseo_notices":[],"gutentor_comment":0,"jetpack_featured_media_url":"https:\/\/eldiariodesanpedro.com.ar\/sitio\/wp-content\/uploads\/2019\/08\/20190807095737.jpg","jetpack_shortlink":"https:\/\/wp.me\/p6RhLt-f1y","jetpack_sharing_enabled":true,"_links":{"self":[{"href":"https:\/\/eldiariodesanpedro.com.ar\/sitio\/wp-json\/wp\/v2\/posts\/57756","targetHints":{"allow":["GET"]}}],"collection":[{"href":"https:\/\/eldiariodesanpedro.com.ar\/sitio\/wp-json\/wp\/v2\/posts"}],"about":[{"href":"https:\/\/eldiariodesanpedro.com.ar\/sitio\/wp-json\/wp\/v2\/types\/post"}],"author":[{"embeddable":true,"href":"https:\/\/eldiariodesanpedro.com.ar\/sitio\/wp-json\/wp\/v2\/users\/4"}],"replies":[{"embeddable":true,"href":"https:\/\/eldiariodesanpedro.com.ar\/sitio\/wp-json\/wp\/v2\/comments?post=57756"}],"version-history":[{"count":1,"href":"https:\/\/eldiariodesanpedro.com.ar\/sitio\/wp-json\/wp\/v2\/posts\/57756\/revisions"}],"predecessor-version":[{"id":57758,"href":"https:\/\/eldiariodesanpedro.com.ar\/sitio\/wp-json\/wp\/v2\/posts\/57756\/revisions\/57758"}],"wp:featuredmedia":[{"embeddable":true,"href":"https:\/\/eldiariodesanpedro.com.ar\/sitio\/wp-json\/wp\/v2\/media\/57757"}],"wp:attachment":[{"href":"https:\/\/eldiariodesanpedro.com.ar\/sitio\/wp-json\/wp\/v2\/media?parent=57756"}],"wp:term":[{"taxonomy":"category","embeddable":true,"href":"https:\/\/eldiariodesanpedro.com.ar\/sitio\/wp-json\/wp\/v2\/categories?post=57756"},{"taxonomy":"post_tag","embeddable":true,"href":"https:\/\/eldiariodesanpedro.com.ar\/sitio\/wp-json\/wp\/v2\/tags?post=57756"}],"curies":[{"name":"wp","href":"https:\/\/api.w.org\/{rel}","templated":true}]}}