{"id":57753,"date":"2019-08-08T10:07:39","date_gmt":"2019-08-08T13:07:39","guid":{"rendered":"https:\/\/eldiariodesanpedro.com.ar\/sitio\/?p=57753"},"modified":"2019-08-08T10:07:43","modified_gmt":"2019-08-08T13:07:43","slug":"campana-dos-hermanos-protagonizaron-una-tragedia-en-vuelco-de-camion","status":"publish","type":"post","link":"https:\/\/eldiariodesanpedro.com.ar\/sitio\/campana-dos-hermanos-protagonizaron-una-tragedia-en-vuelco-de-camion\/","title":{"rendered":"CAMPANA: Dos hermanos protagonizaron una tragedia en vuelco de cami\u00f3n"},"content":{"rendered":"<!-- VideographyWP Plugin Message: Automatic video embedding prevented by plugin options. -->\n\n<p> Uno remolcaba al otro y ambos conduc\u00edan sendos camiones. Pero una falla origin\u00f3 el vuelco de uno de los b\u00f3lidos, cuyo conductor result\u00f3 gravemente herido, perdiendo la vida al llegar al Hospital. Ocurri\u00f3 a la altura del kil\u00f3metro 71.5 de la Panamericana.<\/p>\n\n\n\n<p>\n\nUna verdadera tragedia que tuvo a dos hermanos como protagonistas, cuando uno de ellos perdi\u00f3 la vida mientras era remolcado por el otro, en un accidente ocurrido minutos antes de las 15:00 horas sobre la ruta Panamericana, a la altura del kil\u00f3metro 71.5 y en inmediaciones del barrio Ariel del Plata.<\/p>\n\n\n\n<p>All\u00ed, un cami\u00f3n Mercedes Benz que hab\u00eda sufrido un desperfecto mec\u00e1nico, conducido por Juan Felipe Canteros era remolcado por otro cami\u00f3n marca Volkswagen, que transportaba ladrillos, y era conducido por su hermano Ricardo Christian Canteros.<\/p>\n\n\n\n<p>Al parecer, la rotura de la cadena que un\u00eda ambos veh\u00edculos se rompi\u00f3, y el Mercedes se sali\u00f3 de control volcando hacia la banquina, arrancando el guard rail de seguridad. Su conductor sufri\u00f3 graves lesiones, siendo conducido de urgencia al hospital local por el m\u00f3vil n\u00famero uno del Same, a cargo del doctor Vizgarra.<\/p>\n\n\n\n<p>Sin embargo, producto de las heridas sufridas, falleci\u00f3 al ingresar al nosocomio p\u00fablico. Su hermano, al conocer la triste noticia, sufri\u00f3 una descompensaci\u00f3n nerviosa y tambi\u00e9n tuvo que ser derivado a la guardia.<\/p>\n\n\n\n<p>Participaron del operativo el m\u00f3vil 48 de bomberos, Comando Patrulla local y personal de Defensa Civil.\n\n<\/p>\n\n\n\n<p><br><\/p>\n","protected":false},"excerpt":{"rendered":"<p>Uno remolcaba al otro y ambos conduc\u00edan sendos camiones. Pero una falla origin\u00f3 el vuelco de uno de los b\u00f3lidos, cuyo conductor result\u00f3 gravemente herido, perdiendo la vida al llegar al Hospital. Ocurri\u00f3 a la altura del kil\u00f3metro 71.5 de la Panamericana. Una verdadera tragedia que tuvo a dos hermanos como protagonistas, cuando uno de [&hellip;]<\/p>\n","protected":false},"author":4,"featured_media":57754,"comment_status":"open","ping_status":"closed","sticky":false,"template":"","format":"standard","meta":{"om_disable_all_campaigns":false,"_jetpack_memberships_contains_paid_content":false,"footnotes":""},"categories":[621],"tags":[],"class_list":["post-57753","post","type-post","status-publish","format-standard","has-post-thumbnail","hentry","category-regionales"],"aioseo_notices":[],"gutentor_comment":0,"jetpack_featured_media_url":"https:\/\/eldiariodesanpedro.com.ar\/sitio\/wp-content\/uploads\/2019\/08\/20190807104941.jpg","jetpack_shortlink":"https:\/\/wp.me\/p6RhLt-f1v","jetpack_sharing_enabled":true,"_links":{"self":[{"href":"https:\/\/eldiariodesanpedro.com.ar\/sitio\/wp-json\/wp\/v2\/posts\/57753","targetHints":{"allow":["GET"]}}],"collection":[{"href":"https:\/\/eldiariodesanpedro.com.ar\/sitio\/wp-json\/wp\/v2\/posts"}],"about":[{"href":"https:\/\/eldiariodesanpedro.com.ar\/sitio\/wp-json\/wp\/v2\/types\/post"}],"author":[{"embeddable":true,"href":"https:\/\/eldiariodesanpedro.com.ar\/sitio\/wp-json\/wp\/v2\/users\/4"}],"replies":[{"embeddable":true,"href":"https:\/\/eldiariodesanpedro.com.ar\/sitio\/wp-json\/wp\/v2\/comments?post=57753"}],"version-history":[{"count":1,"href":"https:\/\/eldiariodesanpedro.com.ar\/sitio\/wp-json\/wp\/v2\/posts\/57753\/revisions"}],"predecessor-version":[{"id":57755,"href":"https:\/\/eldiariodesanpedro.com.ar\/sitio\/wp-json\/wp\/v2\/posts\/57753\/revisions\/57755"}],"wp:featuredmedia":[{"embeddable":true,"href":"https:\/\/eldiariodesanpedro.com.ar\/sitio\/wp-json\/wp\/v2\/media\/57754"}],"wp:attachment":[{"href":"https:\/\/eldiariodesanpedro.com.ar\/sitio\/wp-json\/wp\/v2\/media?parent=57753"}],"wp:term":[{"taxonomy":"category","embeddable":true,"href":"https:\/\/eldiariodesanpedro.com.ar\/sitio\/wp-json\/wp\/v2\/categories?post=57753"},{"taxonomy":"post_tag","embeddable":true,"href":"https:\/\/eldiariodesanpedro.com.ar\/sitio\/wp-json\/wp\/v2\/tags?post=57753"}],"curies":[{"name":"wp","href":"https:\/\/api.w.org\/{rel}","templated":true}]}}