{"id":57743,"date":"2019-08-08T09:33:11","date_gmt":"2019-08-08T12:33:11","guid":{"rendered":"https:\/\/eldiariodesanpedro.com.ar\/sitio\/?p=57743"},"modified":"2019-08-08T09:33:15","modified_gmt":"2019-08-08T12:33:15","slug":"hoy-marcha-por-el-dia-de-accion-por-las-dos-vidas","status":"publish","type":"post","link":"https:\/\/eldiariodesanpedro.com.ar\/sitio\/hoy-marcha-por-el-dia-de-accion-por-las-dos-vidas\/","title":{"rendered":"Hoy marcha por el \u00abD\u00eda de acci\u00f3n por las dos vidas\u00bb"},"content":{"rendered":"<!-- VideographyWP Plugin Message: Automatic video embedding prevented by plugin options. -->\n\n<p>M\u00e1s de 300 organizaciones de 12 pa\u00edses se han sumado a la celebraci\u00f3n del aniversario de la derrota de la ley del aborto en Argentina. El D\u00eda Internacional de Acci\u00f3n por las 2 Vidas aspira a consolidarse en el panorama pr\u00f3vida mundial, como el d\u00eda del ni\u00f1o por nacer. <\/p>\n\n\n\n<p>En nuestra localidad se ha convocado a una marcha organizada por el grupo Familias en Acci\u00f3n que comenzara en intersecci\u00f3n de Mitre y Tres de Febrero a partir de las 18 y 30 horas,  para finalizar en la Municipalidad donde ser\u00e1n recibidos por el Intendente, Cecilio Salazar.<\/p>\n\n\n\n<p>El 8 de agosto de 2018 toda la comunidad pr\u00f3vida internacional celebr\u00f3 la victoria que supuso\u00a0el rechazo al proyecto de despenalizaci\u00f3n del aborto en Argentina, despu\u00e9s de que la mayor\u00eda de Senadores bloquearan el texto aprobado in extremis en el Congreso.<\/p>\n\n\n\n<p>La campa\u00f1a \u2018Salvemos las dos vidas\u2019 gestada en Argentina con motivo de los debates suscitado alrededor del proyecto legislativo, pronto dieron lugar a la llamada\u00a0Ola Celeste,\u00a0que toma el nombre del color de los pa\u00f1uelos que han simbolizado esta lucha, en contraposici\u00f3n a los verdes esgrimidos por los grupos feministas.<\/p>\n\n\n\n<p>Desde hace meses se ha promocionado la celebraci\u00f3n, un a\u00f1o despu\u00e9s, del primer D\u00eda Internacional de Acci\u00f3n por las Dos Vidas, a esta llamada han respondido ya m\u00e1s de 300 organizaciones civiles defensoras de la vida humana en 12 pa\u00edses y tambi\u00e9n otras presentes en diferentes rincones del planeta como la Fundaci\u00f3n CitizenGO (que ha lanzado el v\u00eddeo que encabeza esta informaci\u00f3n).<\/p>\n\n\n\n<p>En\u00a0<strong>Argentina<\/strong>, epicentro de las celebraciones, las organizaciones que conforman la Unidad Pr\u00f3vida se concentrar\u00e1n junto al Congreso de la naci\u00f3n a las 18 horas  donde se reclamar\u00e1 la impugnaci\u00f3n de la abortista Marisa Graham como Defensora de los Ni\u00f1os, exigir\u00e1n que no se inicien reformas en el C\u00f3digo Penal que promuevan el aborto y lanzar\u00e1n una plataforma para conformar el Congreso m\u00e1s \u00abceleste\u00bb posible de cara a las elecciones que tendr\u00e1n lugar pr\u00f3ximamente. <\/p>\n\n\n\n<p>Por otro lado, est\u00e1n previstas concentraciones en al menos otras 25 ciudades argentinas.<\/p>\n\n\n\n<p><\/p>\n\n\n\n<p> <\/p>\n","protected":false},"excerpt":{"rendered":"<p>M\u00e1s de 300 organizaciones de 12 pa\u00edses se han sumado a la celebraci\u00f3n del aniversario de la derrota de la ley del aborto en Argentina. El D\u00eda Internacional de Acci\u00f3n por las 2 Vidas aspira a consolidarse en el panorama pr\u00f3vida mundial, como el d\u00eda del ni\u00f1o por nacer. En nuestra localidad se ha convocado [&hellip;]<\/p>\n","protected":false},"author":4,"featured_media":57744,"comment_status":"open","ping_status":"closed","sticky":false,"template":"","format":"standard","meta":{"om_disable_all_campaigns":false,"_jetpack_memberships_contains_paid_content":false,"footnotes":""},"categories":[101,2],"tags":[],"class_list":["post-57743","post","type-post","status-publish","format-standard","has-post-thumbnail","hentry","category-interes-general-locales","category-locales"],"aioseo_notices":[],"gutentor_comment":0,"jetpack_featured_media_url":"https:\/\/eldiariodesanpedro.com.ar\/sitio\/wp-content\/uploads\/2019\/08\/Marcha-por-la-vida-Santiago_Jimmy-Aguilera_070819.jpg","jetpack_shortlink":"https:\/\/wp.me\/p6RhLt-f1l","jetpack_sharing_enabled":true,"_links":{"self":[{"href":"https:\/\/eldiariodesanpedro.com.ar\/sitio\/wp-json\/wp\/v2\/posts\/57743","targetHints":{"allow":["GET"]}}],"collection":[{"href":"https:\/\/eldiariodesanpedro.com.ar\/sitio\/wp-json\/wp\/v2\/posts"}],"about":[{"href":"https:\/\/eldiariodesanpedro.com.ar\/sitio\/wp-json\/wp\/v2\/types\/post"}],"author":[{"embeddable":true,"href":"https:\/\/eldiariodesanpedro.com.ar\/sitio\/wp-json\/wp\/v2\/users\/4"}],"replies":[{"embeddable":true,"href":"https:\/\/eldiariodesanpedro.com.ar\/sitio\/wp-json\/wp\/v2\/comments?post=57743"}],"version-history":[{"count":1,"href":"https:\/\/eldiariodesanpedro.com.ar\/sitio\/wp-json\/wp\/v2\/posts\/57743\/revisions"}],"predecessor-version":[{"id":57745,"href":"https:\/\/eldiariodesanpedro.com.ar\/sitio\/wp-json\/wp\/v2\/posts\/57743\/revisions\/57745"}],"wp:featuredmedia":[{"embeddable":true,"href":"https:\/\/eldiariodesanpedro.com.ar\/sitio\/wp-json\/wp\/v2\/media\/57744"}],"wp:attachment":[{"href":"https:\/\/eldiariodesanpedro.com.ar\/sitio\/wp-json\/wp\/v2\/media?parent=57743"}],"wp:term":[{"taxonomy":"category","embeddable":true,"href":"https:\/\/eldiariodesanpedro.com.ar\/sitio\/wp-json\/wp\/v2\/categories?post=57743"},{"taxonomy":"post_tag","embeddable":true,"href":"https:\/\/eldiariodesanpedro.com.ar\/sitio\/wp-json\/wp\/v2\/tags?post=57743"}],"curies":[{"name":"wp","href":"https:\/\/api.w.org\/{rel}","templated":true}]}}