{"id":57740,"date":"2019-08-08T09:00:18","date_gmt":"2019-08-08T12:00:18","guid":{"rendered":"https:\/\/eldiariodesanpedro.com.ar\/sitio\/?p=57740"},"modified":"2019-08-08T09:00:22","modified_gmt":"2019-08-08T12:00:22","slug":"continua-la-campana-de-control-visual-y-entrega-de-anteojos","status":"publish","type":"post","link":"https:\/\/eldiariodesanpedro.com.ar\/sitio\/continua-la-campana-de-control-visual-y-entrega-de-anteojos\/","title":{"rendered":"Contin\u00faa la campa\u00f1a de control visual y entrega de anteojos"},"content":{"rendered":"<!-- VideographyWP Plugin Message: Automatic video embedding prevented by plugin options. -->\n\n<p>La Municipalidad de San Pedro, informa que en el marco de la campa\u00f1a de control visual y entrega de anteojos, a partir de esta semana est\u00e1 abierta la inscripci\u00f3n y entrega de turnos para todas aquellas personas que deseen realizarse el examen visual a trav\u00e9s de un oftalm\u00f3logo profesional en nuestra ciudad. <\/p>\n\n\n\n<p>El \u00fanico requisito para la inscripci\u00f3n es no tener obra social.<\/p>\n\n\n\n<p>Ac\u00e9rcate de lunes a viernes de 8.30 a 13.30 hs en la Secretar\u00eda de Salud ubicada en Mitre 373. <\/p>\n","protected":false},"excerpt":{"rendered":"<p>La Municipalidad de San Pedro, informa que en el marco de la campa\u00f1a de control visual y entrega de anteojos, a partir de esta semana est\u00e1 abierta la inscripci\u00f3n y entrega de turnos para todas aquellas personas que deseen realizarse el examen visual a trav\u00e9s de un oftalm\u00f3logo profesional en nuestra ciudad. El \u00fanico requisito [&hellip;]<\/p>\n","protected":false},"author":4,"featured_media":57741,"comment_status":"open","ping_status":"closed","sticky":false,"template":"","format":"standard","meta":{"om_disable_all_campaigns":false,"_jetpack_memberships_contains_paid_content":false,"footnotes":""},"categories":[101,2],"tags":[],"class_list":["post-57740","post","type-post","status-publish","format-standard","has-post-thumbnail","hentry","category-interes-general-locales","category-locales"],"aioseo_notices":[],"gutentor_comment":0,"jetpack_featured_media_url":"https:\/\/eldiariodesanpedro.com.ar\/sitio\/wp-content\/uploads\/2019\/08\/67402303_2381896101905051_7642813952983826432_n.jpg","jetpack_shortlink":"https:\/\/wp.me\/p6RhLt-f1i","jetpack_sharing_enabled":true,"_links":{"self":[{"href":"https:\/\/eldiariodesanpedro.com.ar\/sitio\/wp-json\/wp\/v2\/posts\/57740","targetHints":{"allow":["GET"]}}],"collection":[{"href":"https:\/\/eldiariodesanpedro.com.ar\/sitio\/wp-json\/wp\/v2\/posts"}],"about":[{"href":"https:\/\/eldiariodesanpedro.com.ar\/sitio\/wp-json\/wp\/v2\/types\/post"}],"author":[{"embeddable":true,"href":"https:\/\/eldiariodesanpedro.com.ar\/sitio\/wp-json\/wp\/v2\/users\/4"}],"replies":[{"embeddable":true,"href":"https:\/\/eldiariodesanpedro.com.ar\/sitio\/wp-json\/wp\/v2\/comments?post=57740"}],"version-history":[{"count":1,"href":"https:\/\/eldiariodesanpedro.com.ar\/sitio\/wp-json\/wp\/v2\/posts\/57740\/revisions"}],"predecessor-version":[{"id":57742,"href":"https:\/\/eldiariodesanpedro.com.ar\/sitio\/wp-json\/wp\/v2\/posts\/57740\/revisions\/57742"}],"wp:featuredmedia":[{"embeddable":true,"href":"https:\/\/eldiariodesanpedro.com.ar\/sitio\/wp-json\/wp\/v2\/media\/57741"}],"wp:attachment":[{"href":"https:\/\/eldiariodesanpedro.com.ar\/sitio\/wp-json\/wp\/v2\/media?parent=57740"}],"wp:term":[{"taxonomy":"category","embeddable":true,"href":"https:\/\/eldiariodesanpedro.com.ar\/sitio\/wp-json\/wp\/v2\/categories?post=57740"},{"taxonomy":"post_tag","embeddable":true,"href":"https:\/\/eldiariodesanpedro.com.ar\/sitio\/wp-json\/wp\/v2\/tags?post=57740"}],"curies":[{"name":"wp","href":"https:\/\/api.w.org\/{rel}","templated":true}]}}