{"id":57732,"date":"2019-08-07T16:43:58","date_gmt":"2019-08-07T19:43:58","guid":{"rendered":"https:\/\/eldiariodesanpedro.com.ar\/sitio\/?p=57732"},"modified":"2019-08-07T16:44:02","modified_gmt":"2019-08-07T19:44:02","slug":"coopser-informa-corte-programado-para-este-jueves-2","status":"publish","type":"post","link":"https:\/\/eldiariodesanpedro.com.ar\/sitio\/coopser-informa-corte-programado-para-este-jueves-2\/","title":{"rendered":"COOPSER INFORMA | Corte programado para este jueves"},"content":{"rendered":"<!-- VideographyWP Plugin Message: Automatic video embedding prevented by plugin options. -->\n\n<p>COOPSER informa que ma\u00f1ana jueves 8 de agosto se cumplir\u00e1 con un corte de energ\u00eda el\u00e9ctrica entre las 8 y las 13 en el Camino a La Buena Moza desde el Camino Aeroclub &#8211; Debok hasta el N\u00ba 4500 aproximadamente.\u00a0<\/p>\n\n\n\n<p><strong>En caso de lluvia se reprogramar\u00e1&nbsp;<br><\/strong><\/p>\n\n\n\n<p><br><\/p>\n","protected":false},"excerpt":{"rendered":"<p>COOPSER informa que ma\u00f1ana jueves 8 de agosto se cumplir\u00e1 con un corte de energ\u00eda el\u00e9ctrica entre las 8 y las 13 en el Camino a La Buena Moza desde el Camino Aeroclub &#8211; Debok hasta el N\u00ba 4500 aproximadamente.\u00a0 En caso de lluvia se reprogramar\u00e1&nbsp;<\/p>\n","protected":false},"author":4,"featured_media":57097,"comment_status":"open","ping_status":"closed","sticky":false,"template":"","format":"standard","meta":{"om_disable_all_campaigns":false,"_jetpack_memberships_contains_paid_content":false,"footnotes":""},"categories":[101,2],"tags":[],"class_list":["post-57732","post","type-post","status-publish","format-standard","has-post-thumbnail","hentry","category-interes-general-locales","category-locales"],"aioseo_notices":[],"gutentor_comment":0,"jetpack_featured_media_url":"https:\/\/eldiariodesanpedro.com.ar\/sitio\/wp-content\/uploads\/2019\/07\/LaCooperativa_ServicioElectrico.jpg","jetpack_shortlink":"https:\/\/wp.me\/p6RhLt-f1a","jetpack_sharing_enabled":true,"_links":{"self":[{"href":"https:\/\/eldiariodesanpedro.com.ar\/sitio\/wp-json\/wp\/v2\/posts\/57732","targetHints":{"allow":["GET"]}}],"collection":[{"href":"https:\/\/eldiariodesanpedro.com.ar\/sitio\/wp-json\/wp\/v2\/posts"}],"about":[{"href":"https:\/\/eldiariodesanpedro.com.ar\/sitio\/wp-json\/wp\/v2\/types\/post"}],"author":[{"embeddable":true,"href":"https:\/\/eldiariodesanpedro.com.ar\/sitio\/wp-json\/wp\/v2\/users\/4"}],"replies":[{"embeddable":true,"href":"https:\/\/eldiariodesanpedro.com.ar\/sitio\/wp-json\/wp\/v2\/comments?post=57732"}],"version-history":[{"count":1,"href":"https:\/\/eldiariodesanpedro.com.ar\/sitio\/wp-json\/wp\/v2\/posts\/57732\/revisions"}],"predecessor-version":[{"id":57733,"href":"https:\/\/eldiariodesanpedro.com.ar\/sitio\/wp-json\/wp\/v2\/posts\/57732\/revisions\/57733"}],"wp:featuredmedia":[{"embeddable":true,"href":"https:\/\/eldiariodesanpedro.com.ar\/sitio\/wp-json\/wp\/v2\/media\/57097"}],"wp:attachment":[{"href":"https:\/\/eldiariodesanpedro.com.ar\/sitio\/wp-json\/wp\/v2\/media?parent=57732"}],"wp:term":[{"taxonomy":"category","embeddable":true,"href":"https:\/\/eldiariodesanpedro.com.ar\/sitio\/wp-json\/wp\/v2\/categories?post=57732"},{"taxonomy":"post_tag","embeddable":true,"href":"https:\/\/eldiariodesanpedro.com.ar\/sitio\/wp-json\/wp\/v2\/tags?post=57732"}],"curies":[{"name":"wp","href":"https:\/\/api.w.org\/{rel}","templated":true}]}}