{"id":57729,"date":"2019-08-07T16:41:15","date_gmt":"2019-08-07T19:41:15","guid":{"rendered":"https:\/\/eldiariodesanpedro.com.ar\/sitio\/?p=57729"},"modified":"2019-08-07T16:41:19","modified_gmt":"2019-08-07T19:41:19","slug":"conferencia-de-prensa-y-charla-con-el-dr-felix-pena","status":"publish","type":"post","link":"https:\/\/eldiariodesanpedro.com.ar\/sitio\/conferencia-de-prensa-y-charla-con-el-dr-felix-pena\/","title":{"rendered":"Conferencia de prensa y charla con el Dr. F\u00e9lix Pe\u00f1a"},"content":{"rendered":"<!-- VideographyWP Plugin Message: Automatic video embedding prevented by plugin options. -->\n\n<p>El Centro de Comercio e Industria de San Pedro invita a los medios de comunicaci\u00f3n de la regi\u00f3n a una conferencia de prensa, previa a la charla que brindar\u00e1 este viernes 9 en nuestra entidad, el Dr. F\u00e9lix Pe\u00f1a, director del Instituto de Comercio Internacional de la Fundaci\u00f3n ICBC y Profesor en la Universidad Nacional 3 de febrero.<\/p>\n\n\n\n<p>Los esperamos a las 16.30 para compartir un anticipo de la tem\u00e1tica que se expondr\u00e1 a partir de las 17 y que recorrer\u00e1 diferentes aspectos y posibilidades sobre los avances del acuerdo Mercosur &#8211; Uni\u00f3n Europea.&nbsp;<\/p>\n\n\n\n<p>Esperamos su participaci\u00f3n y les agradecemos la reiteraci\u00f3n de la invitaci\u00f3n a comerciantes, empresarios, prestadores de servicios y emprendedores para acompa\u00f1ar esta iniciativa de la C\u00e1mara de Comercio Exterior de nuestro Centro que nos permitir\u00e1 contar con la presencia de un especialista de alt\u00edsimo nivel en relaciones econ\u00f3micas internacionales, derecho del comercio internacional e integraci\u00f3n econ\u00f3mica con una larga trayectoria acad\u00e9mica y de gesti\u00f3n p\u00fablica y privada en relaciones internacionales.&nbsp;<\/p>\n\n\n\n<p>La preinscripci\u00f3n gratuita puede realizarse al mail\u00a0<a rel=\"noreferrer noopener\" href=\"http:\/\/centrodecomerciosp@arnetbiz.com.ar%2C\/\" target=\"_blank\">centrodecomerciosp@arnetbiz.com.ar,<\/a>\u00a0en las oficinas del Centro o llamando al 03329 423386 o 425266.<\/p>\n","protected":false},"excerpt":{"rendered":"<p>El Centro de Comercio e Industria de San Pedro invita a los medios de comunicaci\u00f3n de la regi\u00f3n a una conferencia de prensa, previa a la charla que brindar\u00e1 este viernes 9 en nuestra entidad, el Dr. F\u00e9lix Pe\u00f1a, director del Instituto de Comercio Internacional de la Fundaci\u00f3n ICBC y Profesor en la Universidad Nacional [&hellip;]<\/p>\n","protected":false},"author":4,"featured_media":57730,"comment_status":"open","ping_status":"closed","sticky":false,"template":"","format":"standard","meta":{"om_disable_all_campaigns":false,"_jetpack_memberships_contains_paid_content":false,"footnotes":""},"categories":[101,2],"tags":[],"class_list":["post-57729","post","type-post","status-publish","format-standard","has-post-thumbnail","hentry","category-interes-general-locales","category-locales"],"aioseo_notices":[],"gutentor_comment":0,"jetpack_featured_media_url":"https:\/\/eldiariodesanpedro.com.ar\/sitio\/wp-content\/uploads\/2019\/08\/CHARLA.jpg","jetpack_shortlink":"https:\/\/wp.me\/p6RhLt-f17","jetpack_sharing_enabled":true,"_links":{"self":[{"href":"https:\/\/eldiariodesanpedro.com.ar\/sitio\/wp-json\/wp\/v2\/posts\/57729","targetHints":{"allow":["GET"]}}],"collection":[{"href":"https:\/\/eldiariodesanpedro.com.ar\/sitio\/wp-json\/wp\/v2\/posts"}],"about":[{"href":"https:\/\/eldiariodesanpedro.com.ar\/sitio\/wp-json\/wp\/v2\/types\/post"}],"author":[{"embeddable":true,"href":"https:\/\/eldiariodesanpedro.com.ar\/sitio\/wp-json\/wp\/v2\/users\/4"}],"replies":[{"embeddable":true,"href":"https:\/\/eldiariodesanpedro.com.ar\/sitio\/wp-json\/wp\/v2\/comments?post=57729"}],"version-history":[{"count":1,"href":"https:\/\/eldiariodesanpedro.com.ar\/sitio\/wp-json\/wp\/v2\/posts\/57729\/revisions"}],"predecessor-version":[{"id":57731,"href":"https:\/\/eldiariodesanpedro.com.ar\/sitio\/wp-json\/wp\/v2\/posts\/57729\/revisions\/57731"}],"wp:featuredmedia":[{"embeddable":true,"href":"https:\/\/eldiariodesanpedro.com.ar\/sitio\/wp-json\/wp\/v2\/media\/57730"}],"wp:attachment":[{"href":"https:\/\/eldiariodesanpedro.com.ar\/sitio\/wp-json\/wp\/v2\/media?parent=57729"}],"wp:term":[{"taxonomy":"category","embeddable":true,"href":"https:\/\/eldiariodesanpedro.com.ar\/sitio\/wp-json\/wp\/v2\/categories?post=57729"},{"taxonomy":"post_tag","embeddable":true,"href":"https:\/\/eldiariodesanpedro.com.ar\/sitio\/wp-json\/wp\/v2\/tags?post=57729"}],"curies":[{"name":"wp","href":"https:\/\/api.w.org\/{rel}","templated":true}]}}