{"id":57724,"date":"2019-08-07T13:07:29","date_gmt":"2019-08-07T16:07:29","guid":{"rendered":"https:\/\/eldiariodesanpedro.com.ar\/sitio\/?p=57724"},"modified":"2019-08-07T13:07:34","modified_gmt":"2019-08-07T16:07:34","slug":"zarate-secuestro-de-un-cargamento-ilegal-de-telefonos-celulares-valuado-en-10-millones-de-pesos","status":"publish","type":"post","link":"https:\/\/eldiariodesanpedro.com.ar\/sitio\/zarate-secuestro-de-un-cargamento-ilegal-de-telefonos-celulares-valuado-en-10-millones-de-pesos\/","title":{"rendered":"ZARATE | Secuestr\u00f3 de un cargamento ilegal de tel\u00e9fonos celulares valuado en 10 millones de pesos"},"content":{"rendered":"<!-- VideographyWP Plugin Message: Automatic video embedding prevented by plugin options. -->\n\n<p>El procedimiento se realiz\u00f3 en las inmediaciones de la ruta 9, a la altura de la ciudad de Z\u00e1rate. Siete personas fueron detenidas y mas de 10 millones de pesos en mercader\u00eda secuestradas<\/p>\n\n\n\n<p> Un cargamento ilegal de cigarrillos electr\u00f3nicos y tel\u00e9fonos celulares, valuado en 10 millones de pesos, fue decomisado por la Polic\u00eda de la provincia de Buenos Aires tras un procedimiento que se realiz\u00f3 en las inmediaciones de la ruta 9, a la altura de la ciudad de Z\u00e1rate, seg\u00fan se inform\u00f3 desde el Gobierno bonaerense.<\/p>\n\n\n\n<p>El operativo fue coordinado por efectivos de Superintendencia de Investigaciones del Tr\u00e1fico de Drogas Il\u00edcitas y Crimen Organizado, delegaci\u00f3n Z\u00e1rate-Campana, quienes lograron decomisar ese millonario bot\u00edn y desmantelar una red dedicada al contrabando de mercader\u00eda. <\/p>\n\n\n\n<p><strong>Detenidos y secuestro de artefactos<\/strong><br>En total, la Polic\u00eda realiz\u00f3 cinco requisas en las que detuvo a siete personas y decomis\u00f3 artefactos valuados en 220 mil d\u00f3lares (10 millones de pesos, aproximadamente).<br>La investigaci\u00f3n permiti\u00f3 identificar al presunto responsable de comerciar esos productos en el mercado negro, un camionero de 40 a\u00f1os que cada 15 d\u00edas arribaba a una caba\u00f1a ubicada sobre la calle Ant\u00e1rtida Argentina al 6000 (la hoster\u00eda), en ese distrito del norte provincial, \u201cdonde realizaba el intercambio de la mercar\u00eda ilegal\u201d.<br>La investigaci\u00f3n permiti\u00f3 comprobar que hasta ese domicilio llegaban peque\u00f1os \u201ccompradores- distribuidores\u201d, quienes cargaban sus autos con paquetes que descargaban del acoplado de un Mercedes-Benz.<br>Seg\u00fan se inform\u00f3, los acusados de contrabando hab\u00edan alquilado durante un a\u00f1o una habitaci\u00f3n en esa posada, por 6.500 pesos mensuales, y que los artefactos ilegales viajaban escondidos en un cami\u00f3n que trasladaba una carga legal de celulosa blanqueada.<br>Las inspecciones se realizaron en tres veh\u00edculos particulares, el rodado de gran porte y en el cuarto que rentaban. All\u00ed, la Polic\u00eda incaut\u00f3 22 cajas con 914 cigarrillos electr\u00f3nicos, resistencias y l\u00edquidos utilizados en esos artefactos, valuados en unos 2.876.150 de pesos.<br>Adem\u00e1s, se decomisaron tres cajas con 529 tel\u00e9fonos smartphone de las marcas Iphone, Samsung, Alcatel, Blue y Motorola, 6465 bater\u00edas de celulares Samsung, 500 accesorios de celulares (m\u00f3dulos y display) y 20 auriculares.<\/p>\n\n\n\n<p>Seg\u00fan se inform\u00f3, cuatro de los detenidos son oriundos de la localidad de Puerto Iguaz\u00fa, provincia de Misiones. En el caso interviene el Juzgado federal de Campana, a cargo de Adri\u00e1n Gonz\u00e1lez Charvay.<\/p>\n\n\n\n<p><strong>Fuente:\u00a0<\/strong>Noticias Z\u00e1rate Alerta\u00a0<\/p>\n\n\n\n<figure class=\"wp-block-image\"><img decoding=\"async\" width=\"1024\" height=\"563\" data-attachment-id=\"57725\" data-permalink=\"https:\/\/eldiariodesanpedro.com.ar\/sitio\/zarate-secuestro-de-un-cargamento-ilegal-de-telefonos-celulares-valuado-en-10-millones-de-pesos\/elementos-hallados-policia-bonaerense-1\/\" data-orig-file=\"https:\/\/eldiariodesanpedro.com.ar\/sitio\/wp-content\/uploads\/2019\/08\/elementos-hallados-policia-bonaerense-1.jpg\" data-orig-size=\"1072,589\" data-comments-opened=\"1\" data-image-meta=\"{&quot;aperture&quot;:&quot;0&quot;,&quot;credit&quot;:&quot;&quot;,&quot;camera&quot;:&quot;&quot;,&quot;caption&quot;:&quot;&quot;,&quot;created_timestamp&quot;:&quot;0&quot;,&quot;copyright&quot;:&quot;&quot;,&quot;focal_length&quot;:&quot;0&quot;,&quot;iso&quot;:&quot;0&quot;,&quot;shutter_speed&quot;:&quot;0&quot;,&quot;title&quot;:&quot;&quot;,&quot;orientation&quot;:&quot;0&quot;}\" data-image-title=\"elementos-hallados-policia-bonaerense-1\" data-image-description=\"\" data-image-caption=\"\" data-large-file=\"https:\/\/eldiariodesanpedro.com.ar\/sitio\/wp-content\/uploads\/2019\/08\/elementos-hallados-policia-bonaerense-1-1024x563.jpg\" data-src=\"https:\/\/eldiariodesanpedro.com.ar\/sitio\/wp-content\/uploads\/2019\/08\/elementos-hallados-policia-bonaerense-1-1024x563.jpg\" alt=\"\" class=\"wp-image-57725 lazyload\" data-srcset=\"https:\/\/eldiariodesanpedro.com.ar\/sitio\/wp-content\/uploads\/2019\/08\/elementos-hallados-policia-bonaerense-1-1024x563.jpg 1024w, https:\/\/eldiariodesanpedro.com.ar\/sitio\/wp-content\/uploads\/2019\/08\/elementos-hallados-policia-bonaerense-1-300x165.jpg 300w, https:\/\/eldiariodesanpedro.com.ar\/sitio\/wp-content\/uploads\/2019\/08\/elementos-hallados-policia-bonaerense-1-768x422.jpg 768w, https:\/\/eldiariodesanpedro.com.ar\/sitio\/wp-content\/uploads\/2019\/08\/elementos-hallados-policia-bonaerense-1.jpg 1072w\" data-sizes=\"(max-width: 1024px) 100vw, 1024px\" src=\"data:image\/svg+xml;base64,PHN2ZyB3aWR0aD0iMSIgaGVpZ2h0PSIxIiB4bWxucz0iaHR0cDovL3d3dy53My5vcmcvMjAwMC9zdmciPjwvc3ZnPg==\" style=\"--smush-placeholder-width: 1024px; --smush-placeholder-aspect-ratio: 1024\/563;\" \/><\/figure>\n\n\n\n<figure class=\"wp-block-image\"><img decoding=\"async\" width=\"1024\" height=\"563\" data-attachment-id=\"57726\" data-permalink=\"https:\/\/eldiariodesanpedro.com.ar\/sitio\/zarate-secuestro-de-un-cargamento-ilegal-de-telefonos-celulares-valuado-en-10-millones-de-pesos\/secuestro-celuilares-3\/\" data-orig-file=\"https:\/\/eldiariodesanpedro.com.ar\/sitio\/wp-content\/uploads\/2019\/08\/secuestro-celuilares-3.jpg\" data-orig-size=\"1072,589\" data-comments-opened=\"1\" data-image-meta=\"{&quot;aperture&quot;:&quot;0&quot;,&quot;credit&quot;:&quot;&quot;,&quot;camera&quot;:&quot;&quot;,&quot;caption&quot;:&quot;&quot;,&quot;created_timestamp&quot;:&quot;0&quot;,&quot;copyright&quot;:&quot;&quot;,&quot;focal_length&quot;:&quot;0&quot;,&quot;iso&quot;:&quot;0&quot;,&quot;shutter_speed&quot;:&quot;0&quot;,&quot;title&quot;:&quot;&quot;,&quot;orientation&quot;:&quot;0&quot;}\" data-image-title=\"secuestro-celuilares-3\" data-image-description=\"\" data-image-caption=\"\" data-large-file=\"https:\/\/eldiariodesanpedro.com.ar\/sitio\/wp-content\/uploads\/2019\/08\/secuestro-celuilares-3-1024x563.jpg\" data-src=\"https:\/\/eldiariodesanpedro.com.ar\/sitio\/wp-content\/uploads\/2019\/08\/secuestro-celuilares-3-1024x563.jpg\" alt=\"\" class=\"wp-image-57726 lazyload\" data-srcset=\"https:\/\/eldiariodesanpedro.com.ar\/sitio\/wp-content\/uploads\/2019\/08\/secuestro-celuilares-3-1024x563.jpg 1024w, https:\/\/eldiariodesanpedro.com.ar\/sitio\/wp-content\/uploads\/2019\/08\/secuestro-celuilares-3-300x165.jpg 300w, https:\/\/eldiariodesanpedro.com.ar\/sitio\/wp-content\/uploads\/2019\/08\/secuestro-celuilares-3-768x422.jpg 768w, https:\/\/eldiariodesanpedro.com.ar\/sitio\/wp-content\/uploads\/2019\/08\/secuestro-celuilares-3.jpg 1072w\" data-sizes=\"(max-width: 1024px) 100vw, 1024px\" src=\"data:image\/svg+xml;base64,PHN2ZyB3aWR0aD0iMSIgaGVpZ2h0PSIxIiB4bWxucz0iaHR0cDovL3d3dy53My5vcmcvMjAwMC9zdmciPjwvc3ZnPg==\" style=\"--smush-placeholder-width: 1024px; --smush-placeholder-aspect-ratio: 1024\/563;\" \/><\/figure>\n","protected":false},"excerpt":{"rendered":"<p>El procedimiento se realiz\u00f3 en las inmediaciones de la ruta 9, a la altura de la ciudad de Z\u00e1rate. Siete personas fueron detenidas y mas de 10 millones de pesos en mercader\u00eda secuestradas Un cargamento ilegal de cigarrillos electr\u00f3nicos y tel\u00e9fonos celulares, valuado en 10 millones de pesos, fue decomisado por la Polic\u00eda de la [&hellip;]<\/p>\n","protected":false},"author":4,"featured_media":57727,"comment_status":"open","ping_status":"closed","sticky":false,"template":"","format":"standard","meta":{"om_disable_all_campaigns":false,"_jetpack_memberships_contains_paid_content":false,"footnotes":""},"categories":[50,621],"tags":[],"class_list":["post-57724","post","type-post","status-publish","format-standard","has-post-thumbnail","hentry","category-destacadas","category-regionales"],"aioseo_notices":[],"gutentor_comment":0,"jetpack_featured_media_url":"https:\/\/eldiariodesanpedro.com.ar\/sitio\/wp-content\/uploads\/2019\/08\/secuestro-celulares-696x382.jpg","jetpack_shortlink":"https:\/\/wp.me\/p6RhLt-f12","jetpack_sharing_enabled":true,"_links":{"self":[{"href":"https:\/\/eldiariodesanpedro.com.ar\/sitio\/wp-json\/wp\/v2\/posts\/57724","targetHints":{"allow":["GET"]}}],"collection":[{"href":"https:\/\/eldiariodesanpedro.com.ar\/sitio\/wp-json\/wp\/v2\/posts"}],"about":[{"href":"https:\/\/eldiariodesanpedro.com.ar\/sitio\/wp-json\/wp\/v2\/types\/post"}],"author":[{"embeddable":true,"href":"https:\/\/eldiariodesanpedro.com.ar\/sitio\/wp-json\/wp\/v2\/users\/4"}],"replies":[{"embeddable":true,"href":"https:\/\/eldiariodesanpedro.com.ar\/sitio\/wp-json\/wp\/v2\/comments?post=57724"}],"version-history":[{"count":1,"href":"https:\/\/eldiariodesanpedro.com.ar\/sitio\/wp-json\/wp\/v2\/posts\/57724\/revisions"}],"predecessor-version":[{"id":57728,"href":"https:\/\/eldiariodesanpedro.com.ar\/sitio\/wp-json\/wp\/v2\/posts\/57724\/revisions\/57728"}],"wp:featuredmedia":[{"embeddable":true,"href":"https:\/\/eldiariodesanpedro.com.ar\/sitio\/wp-json\/wp\/v2\/media\/57727"}],"wp:attachment":[{"href":"https:\/\/eldiariodesanpedro.com.ar\/sitio\/wp-json\/wp\/v2\/media?parent=57724"}],"wp:term":[{"taxonomy":"category","embeddable":true,"href":"https:\/\/eldiariodesanpedro.com.ar\/sitio\/wp-json\/wp\/v2\/categories?post=57724"},{"taxonomy":"post_tag","embeddable":true,"href":"https:\/\/eldiariodesanpedro.com.ar\/sitio\/wp-json\/wp\/v2\/tags?post=57724"}],"curies":[{"name":"wp","href":"https:\/\/api.w.org\/{rel}","templated":true}]}}