{"id":57713,"date":"2019-08-07T10:27:59","date_gmt":"2019-08-07T13:27:59","guid":{"rendered":"https:\/\/eldiariodesanpedro.com.ar\/sitio\/?p=57713"},"modified":"2019-08-07T10:28:03","modified_gmt":"2019-08-07T13:28:03","slug":"ester-noat-con-alberto-fernandez","status":"publish","type":"post","link":"https:\/\/eldiariodesanpedro.com.ar\/sitio\/ester-noat-con-alberto-fernandez\/","title":{"rendered":"Ester Noat con Alberto Fern\u00e1ndez"},"content":{"rendered":"<!-- VideographyWP Plugin Message: Automatic video embedding prevented by plugin options. -->\n\n<p>La precandidata a Intendenta particip\u00f3 este martes de un encuentro con el candidato a presidente por el Frente de Todos. Fue en San Nicol\u00e1s donde Alberto Fern\u00e1ndez aprovech\u00f3 para reunir a los referentes de la Segunda Secci\u00f3n Electoral. Estuvieron algunos intendentes que van por la reelecci\u00f3n como el ramallense Mauro \u00abMumi\u00bb Poletti, y el colonense Ricardo \u00abPito\u00bb Casi, adem\u00e1s de otros como Francisco \u00abPaco\u00bb Dura\u00f1ona de San Antonio de Areco que encabeza la lista de senadores provinciales. <br>\nLos jefes comunales manifestaron a Alberto su preocupaci\u00f3n por la situaci\u00f3n econ\u00f3mica de la regi\u00f3n, especialmente la crisis laboral, y solicitaron entre otros proyectos que se creen universidades nacionales en el interior de la provincia, propuesta que comparte y defiende Ester Noat. <br>\n\u00abAlberto escuch\u00f3, nos brind\u00f3 apoyo y entusiasmo para seguir adelante, que vayamos casa por casa a transmitir a los vecinos nuestro mensaje de esperanza\u00bb, dijo Noat.<\/p>\n\n\n\n<p><strong>M\u00e1ximo con Todos <\/strong><br> Poco despu\u00e9s, candidates de la Lista 4 participaron del acto que tuvo lugar en el Club San Nicol\u00e1s como cierre de campa\u00f1a de esa ciudad y que cont\u00f3 con la presencia del diputado M\u00e1ximo Kirchner. <br> Adem\u00e1s de Ester Noat estuvieron presentes los candidatos a concejales Juan Cruz Gonz\u00e1lez y Tamara Vlaeminck, y la candidata a consejera escolar Elisa Ca\u00f1a. <br> Con un discurso encendido, Kirchner alent\u00f3 a un nutrido p\u00fablico a votar al Frente de Todos porque \u00aba partir de octubre habr\u00e1 un gobierno para la gente\u00bb junto a Alberto Fern\u00e1ndez.<\/p>\n","protected":false},"excerpt":{"rendered":"<p>La precandidata a Intendenta particip\u00f3 este martes de un encuentro con el candidato a presidente por el Frente de Todos. Fue en San Nicol\u00e1s donde Alberto Fern\u00e1ndez aprovech\u00f3 para reunir a los referentes de la Segunda Secci\u00f3n Electoral. Estuvieron algunos intendentes que van por la reelecci\u00f3n como el ramallense Mauro \u00abMumi\u00bb Poletti, y el colonense [&hellip;]<\/p>\n","protected":false},"author":4,"featured_media":57714,"comment_status":"open","ping_status":"closed","sticky":false,"template":"","format":"standard","meta":{"om_disable_all_campaigns":false,"_jetpack_memberships_contains_paid_content":false,"footnotes":""},"categories":[2,102],"tags":[],"class_list":["post-57713","post","type-post","status-publish","format-standard","has-post-thumbnail","hentry","category-locales","category-politica-locales"],"aioseo_notices":[],"gutentor_comment":0,"jetpack_featured_media_url":"https:\/\/eldiariodesanpedro.com.ar\/sitio\/wp-content\/uploads\/2019\/08\/WhatsApp-Image-2019-08-06-at-22.52.54.jpeg","jetpack_shortlink":"https:\/\/wp.me\/p6RhLt-f0R","jetpack_sharing_enabled":true,"_links":{"self":[{"href":"https:\/\/eldiariodesanpedro.com.ar\/sitio\/wp-json\/wp\/v2\/posts\/57713","targetHints":{"allow":["GET"]}}],"collection":[{"href":"https:\/\/eldiariodesanpedro.com.ar\/sitio\/wp-json\/wp\/v2\/posts"}],"about":[{"href":"https:\/\/eldiariodesanpedro.com.ar\/sitio\/wp-json\/wp\/v2\/types\/post"}],"author":[{"embeddable":true,"href":"https:\/\/eldiariodesanpedro.com.ar\/sitio\/wp-json\/wp\/v2\/users\/4"}],"replies":[{"embeddable":true,"href":"https:\/\/eldiariodesanpedro.com.ar\/sitio\/wp-json\/wp\/v2\/comments?post=57713"}],"version-history":[{"count":1,"href":"https:\/\/eldiariodesanpedro.com.ar\/sitio\/wp-json\/wp\/v2\/posts\/57713\/revisions"}],"predecessor-version":[{"id":57715,"href":"https:\/\/eldiariodesanpedro.com.ar\/sitio\/wp-json\/wp\/v2\/posts\/57713\/revisions\/57715"}],"wp:featuredmedia":[{"embeddable":true,"href":"https:\/\/eldiariodesanpedro.com.ar\/sitio\/wp-json\/wp\/v2\/media\/57714"}],"wp:attachment":[{"href":"https:\/\/eldiariodesanpedro.com.ar\/sitio\/wp-json\/wp\/v2\/media?parent=57713"}],"wp:term":[{"taxonomy":"category","embeddable":true,"href":"https:\/\/eldiariodesanpedro.com.ar\/sitio\/wp-json\/wp\/v2\/categories?post=57713"},{"taxonomy":"post_tag","embeddable":true,"href":"https:\/\/eldiariodesanpedro.com.ar\/sitio\/wp-json\/wp\/v2\/tags?post=57713"}],"curies":[{"name":"wp","href":"https:\/\/api.w.org\/{rel}","templated":true}]}}