{"id":57697,"date":"2019-08-07T10:25:24","date_gmt":"2019-08-07T13:25:24","guid":{"rendered":"https:\/\/eldiariodesanpedro.com.ar\/sitio\/?p=57697"},"modified":"2019-08-07T10:25:29","modified_gmt":"2019-08-07T13:25:29","slug":"san-nicolas-el-congreso-de-fotografia-y-videografia-mas-grande-del-pais","status":"publish","type":"post","link":"https:\/\/eldiariodesanpedro.com.ar\/sitio\/san-nicolas-el-congreso-de-fotografia-y-videografia-mas-grande-del-pais\/","title":{"rendered":"SAN NICOL\u00c1S | El congreso de fotograf\u00eda y videograf\u00eda m\u00e1s grande del pa\u00eds"},"content":{"rendered":"<!-- VideographyWP Plugin Message: Automatic video embedding prevented by plugin options. -->\n\n<p>\n\nNuestra ciudad se convirti\u00f3 en la primera sede de esta gran iniciativa, que tiene como objetivo futuro movilizarse a distintas zonas del territorio argentino y porque no, mundial. Gran parte del dinero recaudado ir\u00e1 a comedores y ONG\u00b4s, con fin solidario para apoyar a quienes lo necesitan.El primer d\u00eda, lunes 5 de agosto, 540 personas participaron de las charlas que abrieron el Congreso.Ayer, martes 6, se sumaron m\u00e1s de 100, y en total son unos 760 inscriptos. Maxi Oviedo, cerebro que impuls\u00f3 esta iniciativa, en dialogo con El Norte, dijo que: \u201cEs un p\u00fablico que va rotando, estoy muy contento y emocionado porque todo est\u00e1 saliendo mejor de lo esperado\u201d, al tiempo que destac\u00f3 que tanto el equipo como los disertantes est\u00e1n cumpliendo y respondiendo \u201cincre\u00edblemente bien\u201d el plan de organizaci\u00f3n.<br>La presentaci\u00f3n fue a puro show: Vinicius, Murga La Cualquiera, Casi Libres y CineViol\u00edn, el video lleno de luces y papeles de colores, est\u00e1 en las redes: @congresonomade. \u201cMe llegaron mensajes desde Espa\u00f1a, hay videos circulando all\u00e1, me comentan que nunca vieron una presentaci\u00f3n de este estilo, el afecto se extiende a M\u00e9xico y otros pa\u00edses m\u00e1s. Se me pone la piel de gallina de solo pensarlo, no s\u00e9 ni c\u00f3mo les lleg\u00f3 la informaci\u00f3n\u201d, expres\u00f3 conmovido el referente del Congreso N\u00f3made.Cada charla deja una imagen de un teatro colmado y lleno de aplausos. Es oficialmente el congreso de fotograf\u00eda m\u00e1s grande de la Argentina, en lo que va de su historia. \u201cApuntamos a que este evento se originar\u00e1 por primera vez en San Nicol\u00e1s, y hoy es un \u00e9xito\u201d, remarc\u00f3 Oviedo, rodeado de gente en movimiento y c\u00e1maras por doquier. \u201cMucha gente dud\u00f3 cuando plante\u00e9 hacerlo ac\u00e1, y sin embargo los resultados son magn\u00edficos, est\u00e1n todos encantados con nuestra ciudad y el fascinante r\u00edo que tenemos\u00bb.<\/p>\n\n\n\n<p><strong>Un fin solidario<\/strong>\u201cLa finalidad de ayudar entidades que trabajan para un bien com\u00fan de nuestra sociedad, hace el trabajo doblemente gratificante\u201d, en el hall del Teatro hay dos urnas destinadas a recaudar fondos para distintas ONG\u00b4s de San Nicol\u00e1s: La Casita de Tati, El Alero, Rescate Equino, Mundo Patitas y Casa de Amparo Gabriel Brochero.La primera tirada de entradas fue a un precio muy accesible, por lo tanto Oviedo espera que muchos de los participantes, como tambi\u00e9n lo puede hacer el p\u00fablico en general, puedan destinar un valor solidario para colaborar con estos espacios.Adem\u00e1s, crearon cuentas de mercado-pago, con un n\u00famero de referencia para cada entidad, y los alumnos compartieron el link, para de esta manera que cualquier persona en cualquier punto del mapa pueda hacer una donaci\u00f3n de 200 pesos.<br>As\u00ed ser\u00e1 que habr\u00e1 un conteo f\u00edsico (urnas en el hall) y digital a trav\u00e9s de estas cuentas online.El f\u00edsico se dividir\u00e1 en partes iguales, y en el caso digital ser\u00e1 impreciso ya que cada uno puede hacer la donaci\u00f3n que quiera, con la entidad que empatice m\u00e1s.Motorolla facilit\u00f3 dos tel\u00e9fonos para subastar, intervenidos por Betina Rian y Milo Lockett, quien tambi\u00e9n don\u00f3 una serie de obras en papel reciclado. Ambas pueden verse por la web: www.congresonomade.com; o del organizador: www.maxioviedo.com Conociendo San Nicol\u00e1sLlegaron participantes de Chile, Uruguay, Paraguay y hasta de Ecuador. Los inscriptos datan de lugares desde Usuahia hasta Salta. \u201cLa devoluci\u00f3n es muy buena, nos agradecen por la organizaci\u00f3n y la buena atenci\u00f3n que est\u00e1n recibiendo\u201d, se\u00f1al\u00f3 Oviedo. Se invirti\u00f3 mucho dinero para realizar este encuentro tan grande.\u201cHay muchos encantados con San Nicol\u00e1s, que recomendar\u00e1n no solo este congreso, sino tambi\u00e9n la ciudad\u201d, contando que muchos comentan lo linda que es la ciudad y el magn\u00edfico r\u00edo que tenemos.Las jornadas arrancan a primera hora, la primera charla abre a las 8.30 y el \u00faltimo disertante cierra pasadas las 20. Son casi 12 horas prodigiosas, con dos \u00b4break\u00b4 por medio, para aquellos que no parpadean entre conferencias.\u201cQuiero agradecer especialmente a todas las empresas que nos apoyaron. Son marcas muy importantes en cuanto a lo visual, como son Nikon, Sony, Digital-zoom, Photoshop Mendoza. Y locales como: Cairat, Proaudio, Ivess, Sciarresi, La casa del Amortiguador, distribuidora Lepes, \u00d3ptica Pe\u00f1a, entre otras; todas ellas, se sumaron a la acci\u00f3n solidaria del Congreso.La municipalidad jug\u00f3 un papel important\u00edsimo al abrirnos las puertas del Teatro, estamos muy agradecidos con todos\u201d, manifest\u00f3 el fot\u00f3grafo. El mi\u00e9rcoles habr\u00e1 una cena de despedida en Buda-Bar, con 300 anotados. A partir de las 12 puede ingresar el p\u00fablico en general. <\/p>\n\n\n\n<p>Fuente: Diario El Norte<\/p>\n","protected":false},"excerpt":{"rendered":"<p>Nuestra ciudad se convirti\u00f3 en la primera sede de esta gran iniciativa, que tiene como objetivo futuro movilizarse a distintas zonas del territorio argentino y porque no, mundial. Gran parte del dinero recaudado ir\u00e1 a comedores y ONG\u00b4s, con fin solidario para apoyar a quienes lo necesitan.El primer d\u00eda, lunes 5 de agosto, 540 personas [&hellip;]<\/p>\n","protected":false},"author":4,"featured_media":57701,"comment_status":"open","ping_status":"closed","sticky":false,"template":"","format":"standard","meta":{"om_disable_all_campaigns":false,"_jetpack_memberships_contains_paid_content":false,"footnotes":""},"categories":[621],"tags":[],"class_list":["post-57697","post","type-post","status-publish","format-standard","has-post-thumbnail","hentry","category-regionales"],"aioseo_notices":[],"gutentor_comment":0,"jetpack_featured_media_url":"https:\/\/eldiariodesanpedro.com.ar\/sitio\/wp-content\/uploads\/2019\/08\/0-3.jpg","jetpack_shortlink":"https:\/\/wp.me\/p6RhLt-f0B","jetpack_sharing_enabled":true,"_links":{"self":[{"href":"https:\/\/eldiariodesanpedro.com.ar\/sitio\/wp-json\/wp\/v2\/posts\/57697","targetHints":{"allow":["GET"]}}],"collection":[{"href":"https:\/\/eldiariodesanpedro.com.ar\/sitio\/wp-json\/wp\/v2\/posts"}],"about":[{"href":"https:\/\/eldiariodesanpedro.com.ar\/sitio\/wp-json\/wp\/v2\/types\/post"}],"author":[{"embeddable":true,"href":"https:\/\/eldiariodesanpedro.com.ar\/sitio\/wp-json\/wp\/v2\/users\/4"}],"replies":[{"embeddable":true,"href":"https:\/\/eldiariodesanpedro.com.ar\/sitio\/wp-json\/wp\/v2\/comments?post=57697"}],"version-history":[{"count":1,"href":"https:\/\/eldiariodesanpedro.com.ar\/sitio\/wp-json\/wp\/v2\/posts\/57697\/revisions"}],"predecessor-version":[{"id":57712,"href":"https:\/\/eldiariodesanpedro.com.ar\/sitio\/wp-json\/wp\/v2\/posts\/57697\/revisions\/57712"}],"wp:featuredmedia":[{"embeddable":true,"href":"https:\/\/eldiariodesanpedro.com.ar\/sitio\/wp-json\/wp\/v2\/media\/57701"}],"wp:attachment":[{"href":"https:\/\/eldiariodesanpedro.com.ar\/sitio\/wp-json\/wp\/v2\/media?parent=57697"}],"wp:term":[{"taxonomy":"category","embeddable":true,"href":"https:\/\/eldiariodesanpedro.com.ar\/sitio\/wp-json\/wp\/v2\/categories?post=57697"},{"taxonomy":"post_tag","embeddable":true,"href":"https:\/\/eldiariodesanpedro.com.ar\/sitio\/wp-json\/wp\/v2\/tags?post=57697"}],"curies":[{"name":"wp","href":"https:\/\/api.w.org\/{rel}","templated":true}]}}