{"id":57694,"date":"2019-08-07T10:22:36","date_gmt":"2019-08-07T13:22:36","guid":{"rendered":"https:\/\/eldiariodesanpedro.com.ar\/sitio\/?p=57694"},"modified":"2019-08-07T10:22:40","modified_gmt":"2019-08-07T13:22:40","slug":"san-nicolas-automovilista-fue-arrollado-por-una-locomotora","status":"publish","type":"post","link":"https:\/\/eldiariodesanpedro.com.ar\/sitio\/san-nicolas-automovilista-fue-arrollado-por-una-locomotora\/","title":{"rendered":"SAN NICOL\u00c1S | Automovilista fue arrollado por una locomotora"},"content":{"rendered":"<!-- VideographyWP Plugin Message: Automatic video embedding prevented by plugin options. -->\n\n<p>Alrededor de las 21 hs de este martes en el paso a nivel de Figueroa Alcorta, la locomotora de un tren arroll\u00f3 a un autom\u00f3vil.\u00a0<\/p>\n\n\n\n<p>Por razones que se deber\u00e1n establecer, un Peugeot 307 patente FHF189, conducido por Hugo Alberto Caru, fue arrollado por la locomotora N\u00b08512 guiada por Dario Monz\u00f3n de 30 a\u00f1os.&nbsp;<\/p>\n\n\n\n<p>R\u00e1pidamente Caru fue trasladado por una ambulancia al Hospital San Felipe. Trascendi\u00f3 que padece fractura de costilla izquierda entre otras dolencias.&nbsp;<\/p>\n\n\n\n<p>Hasta tanto se cumplimenten las diligencias judiciales, las v\u00edas se hallan obstru\u00eddas al tr\u00e1nsito.<\/p>\n\n\n\n<p>En el lugar no hay barreras. Solo hay se\u00f1ales de tr\u00e1nsito que indican reducci\u00f3n de velocidad; la cruz de San Andr\u00e9s y aviso de locomotora.&nbsp;<\/p>\n\n\n\n<p>Interviene la UFI N \u00b01.<\/p>\n\n\n\n<p>8.30 hs:\u00a0El conductor del veh\u00edculo, Hugo Alberto Caru, fue dado de alta. Padeci\u00f3 traumatismo de t\u00f3rax y debe continuar en las pr\u00f3ximas horas con controles. <\/p>\n\n\n\n<p>Fuente: Diario El Informante<\/p>\n","protected":false},"excerpt":{"rendered":"<p>Alrededor de las 21 hs de este martes en el paso a nivel de Figueroa Alcorta, la locomotora de un tren arroll\u00f3 a un autom\u00f3vil.\u00a0 Por razones que se deber\u00e1n establecer, un Peugeot 307 patente FHF189, conducido por Hugo Alberto Caru, fue arrollado por la locomotora N\u00b08512 guiada por Dario Monz\u00f3n de 30 a\u00f1os.&nbsp; R\u00e1pidamente [&hellip;]<\/p>\n","protected":false},"author":4,"featured_media":57695,"comment_status":"open","ping_status":"closed","sticky":false,"template":"","format":"standard","meta":{"om_disable_all_campaigns":false,"_jetpack_memberships_contains_paid_content":false,"footnotes":""},"categories":[621],"tags":[],"class_list":["post-57694","post","type-post","status-publish","format-standard","has-post-thumbnail","hentry","category-regionales"],"aioseo_notices":[],"gutentor_comment":0,"jetpack_featured_media_url":"https:\/\/eldiariodesanpedro.com.ar\/sitio\/wp-content\/uploads\/2019\/08\/conmarca21402.jpg","jetpack_shortlink":"https:\/\/wp.me\/p6RhLt-f0y","jetpack_sharing_enabled":true,"_links":{"self":[{"href":"https:\/\/eldiariodesanpedro.com.ar\/sitio\/wp-json\/wp\/v2\/posts\/57694","targetHints":{"allow":["GET"]}}],"collection":[{"href":"https:\/\/eldiariodesanpedro.com.ar\/sitio\/wp-json\/wp\/v2\/posts"}],"about":[{"href":"https:\/\/eldiariodesanpedro.com.ar\/sitio\/wp-json\/wp\/v2\/types\/post"}],"author":[{"embeddable":true,"href":"https:\/\/eldiariodesanpedro.com.ar\/sitio\/wp-json\/wp\/v2\/users\/4"}],"replies":[{"embeddable":true,"href":"https:\/\/eldiariodesanpedro.com.ar\/sitio\/wp-json\/wp\/v2\/comments?post=57694"}],"version-history":[{"count":1,"href":"https:\/\/eldiariodesanpedro.com.ar\/sitio\/wp-json\/wp\/v2\/posts\/57694\/revisions"}],"predecessor-version":[{"id":57696,"href":"https:\/\/eldiariodesanpedro.com.ar\/sitio\/wp-json\/wp\/v2\/posts\/57694\/revisions\/57696"}],"wp:featuredmedia":[{"embeddable":true,"href":"https:\/\/eldiariodesanpedro.com.ar\/sitio\/wp-json\/wp\/v2\/media\/57695"}],"wp:attachment":[{"href":"https:\/\/eldiariodesanpedro.com.ar\/sitio\/wp-json\/wp\/v2\/media?parent=57694"}],"wp:term":[{"taxonomy":"category","embeddable":true,"href":"https:\/\/eldiariodesanpedro.com.ar\/sitio\/wp-json\/wp\/v2\/categories?post=57694"},{"taxonomy":"post_tag","embeddable":true,"href":"https:\/\/eldiariodesanpedro.com.ar\/sitio\/wp-json\/wp\/v2\/tags?post=57694"}],"curies":[{"name":"wp","href":"https:\/\/api.w.org\/{rel}","templated":true}]}}