{"id":57691,"date":"2019-08-07T10:20:07","date_gmt":"2019-08-07T13:20:07","guid":{"rendered":"https:\/\/eldiariodesanpedro.com.ar\/sitio\/?p=57691"},"modified":"2019-08-07T10:20:11","modified_gmt":"2019-08-07T13:20:11","slug":"ramallo-policia-rural-esclarecio-un-robo-en-el-paraiso","status":"publish","type":"post","link":"https:\/\/eldiariodesanpedro.com.ar\/sitio\/ramallo-policia-rural-esclarecio-un-robo-en-el-paraiso\/","title":{"rendered":"RAMALLO | Polic\u00eda Rural esclareci\u00f3 un robo en El Para\u00edso"},"content":{"rendered":"<!-- VideographyWP Plugin Message: Automatic video embedding prevented by plugin options. -->\n\n<p>La divisi\u00f3n policial secuestr\u00f3 elementos robados por delincuentes a un productor agr\u00edcola.<\/p>\n\n\n\n<p>Hace unos d\u00edas, la v\u00edctima denunci\u00f3 la sustracci\u00f3n de cereal a granel almacenado en el interior de un establecimiento rural en la mencionada localidad de Ramallo. Inmediatamente, la Ayudant\u00eda Fiscal a cargo de la Dra. Cecilia Fern\u00e1ndez dispuso tareas investigativas.<\/p>\n\n\n\n<p>Las mismas permitieron determinar la autor\u00eda del hecho material, por parte de individuos residentes en la ciudad de Ramallo, y tras diversos allanamientos se logr\u00f3 dar con el bot\u00edn.<\/p>\n\n\n\n<p> Se trata de un rodado y dem\u00e1s elementos de inter\u00e9s para la presente investigaci\u00f3n. <\/p>\n\n\n\n<p>Fuente: Ramallo Informa<\/p>\n","protected":false},"excerpt":{"rendered":"<p>La divisi\u00f3n policial secuestr\u00f3 elementos robados por delincuentes a un productor agr\u00edcola. Hace unos d\u00edas, la v\u00edctima denunci\u00f3 la sustracci\u00f3n de cereal a granel almacenado en el interior de un establecimiento rural en la mencionada localidad de Ramallo. Inmediatamente, la Ayudant\u00eda Fiscal a cargo de la Dra. Cecilia Fern\u00e1ndez dispuso tareas investigativas. Las mismas permitieron [&hellip;]<\/p>\n","protected":false},"author":4,"featured_media":57692,"comment_status":"open","ping_status":"closed","sticky":false,"template":"","format":"standard","meta":{"om_disable_all_campaigns":false,"_jetpack_memberships_contains_paid_content":false,"footnotes":""},"categories":[621],"tags":[],"class_list":["post-57691","post","type-post","status-publish","format-standard","has-post-thumbnail","hentry","category-regionales"],"aioseo_notices":[],"gutentor_comment":0,"jetpack_featured_media_url":"https:\/\/eldiariodesanpedro.com.ar\/sitio\/wp-content\/uploads\/2019\/08\/Policia-Rural.jpeg","jetpack_shortlink":"https:\/\/wp.me\/p6RhLt-f0v","jetpack_sharing_enabled":true,"_links":{"self":[{"href":"https:\/\/eldiariodesanpedro.com.ar\/sitio\/wp-json\/wp\/v2\/posts\/57691","targetHints":{"allow":["GET"]}}],"collection":[{"href":"https:\/\/eldiariodesanpedro.com.ar\/sitio\/wp-json\/wp\/v2\/posts"}],"about":[{"href":"https:\/\/eldiariodesanpedro.com.ar\/sitio\/wp-json\/wp\/v2\/types\/post"}],"author":[{"embeddable":true,"href":"https:\/\/eldiariodesanpedro.com.ar\/sitio\/wp-json\/wp\/v2\/users\/4"}],"replies":[{"embeddable":true,"href":"https:\/\/eldiariodesanpedro.com.ar\/sitio\/wp-json\/wp\/v2\/comments?post=57691"}],"version-history":[{"count":1,"href":"https:\/\/eldiariodesanpedro.com.ar\/sitio\/wp-json\/wp\/v2\/posts\/57691\/revisions"}],"predecessor-version":[{"id":57693,"href":"https:\/\/eldiariodesanpedro.com.ar\/sitio\/wp-json\/wp\/v2\/posts\/57691\/revisions\/57693"}],"wp:featuredmedia":[{"embeddable":true,"href":"https:\/\/eldiariodesanpedro.com.ar\/sitio\/wp-json\/wp\/v2\/media\/57692"}],"wp:attachment":[{"href":"https:\/\/eldiariodesanpedro.com.ar\/sitio\/wp-json\/wp\/v2\/media?parent=57691"}],"wp:term":[{"taxonomy":"category","embeddable":true,"href":"https:\/\/eldiariodesanpedro.com.ar\/sitio\/wp-json\/wp\/v2\/categories?post=57691"},{"taxonomy":"post_tag","embeddable":true,"href":"https:\/\/eldiariodesanpedro.com.ar\/sitio\/wp-json\/wp\/v2\/tags?post=57691"}],"curies":[{"name":"wp","href":"https:\/\/api.w.org\/{rel}","templated":true}]}}