{"id":57682,"date":"2019-08-07T10:18:17","date_gmt":"2019-08-07T13:18:17","guid":{"rendered":"https:\/\/eldiariodesanpedro.com.ar\/sitio\/?p=57682"},"modified":"2019-08-07T10:18:21","modified_gmt":"2019-08-07T13:18:21","slug":"zarate-mas-de-2500-personas-acompanaron-a-alberto-fernandez-y-osvaldo-caffaro","status":"publish","type":"post","link":"https:\/\/eldiariodesanpedro.com.ar\/sitio\/zarate-mas-de-2500-personas-acompanaron-a-alberto-fernandez-y-osvaldo-caffaro\/","title":{"rendered":"Z\u00c1RATE | M\u00e1s de 2500 personas acompa\u00f1aron a Alberto Fern\u00e1ndez y Osvaldo C\u00e1ffaro"},"content":{"rendered":"<!-- VideographyWP Plugin Message: Automatic video embedding prevented by plugin options. -->\n\n<p>El pre candidato a Presidente de la Naci\u00f3n Alberto Fern\u00e1ndez visit\u00f3 esta ma\u00f1ana la ciudad de Z\u00e1rate. Junto al Intendente Osvaldo C\u00e1ffaro visitaron la feria de Precios Populares en Plaza Mitre y luego recorrieron las instalaciones del Centro de Gesti\u00f3n del Conocimiento.<\/p>\n\n\n\n<p>El auditorio del CGC estuvo repleto y muchos vecinos tuvieron que seguir los discursos del Intendente C\u00e1ffaro y de Alberto Fern\u00e1ndez a trav\u00e9s de las pantallas ubicadas en el exterior del CGC. Se estima que en el predio hubo mal de 2500 personas.<\/p>\n\n\n\n<p>Adem\u00e1s, estaban presentes el diputado nacional Abel Furl\u00e1n, la diputada provincial Patricia Moyano, el Intendente de San Antonio de Areco y pre candidato a senador provincial por la Segunda Secci\u00f3n Electoral Francisco Dura\u00f1ona, candidatos a concejales y consejeros escolares, funcionarios y legisladores de Z\u00e1rate, Campana y dem\u00e1s ciudades de la regi\u00f3n,&nbsp; representantes de las Universidades Nacionales que dictan sus carreras en el CGC, sindicatos, obreros y organizaciones pol\u00edticas.<\/p>\n\n\n\n<p>Sobre el CGC, Fern\u00e1ndez no ahorr\u00f3 elogios para el Municipio y cr\u00edticas al gobierno provincial de Mar\u00eda Eugenia Vidal: \u201cEs un merito del Municipio tener este centro educativo porque la gobernadora dice que \u00b4no hay que crear universidades porque los pobres no llegan a recibirse\u00b4, pero yo creo que hay que apostar a la educaci\u00f3n y acercarles la universidad a los chicos.\u00a0Jam\u00e1s se me ocurri\u00f3 pensar que la educaci\u00f3n es un gasto, la educaci\u00f3n es la plata mejor invertida\u201d.<\/p>\n\n\n\n<p>\u201cCuando Osvaldo me cont\u00f3 pens\u00e9 que era mucho menos que esto, lo que se realiz\u00f3 en Z\u00e1rate con el CGC es un sue\u00f1o. Y ahora pensemos en una Universidad Nacional porque lo \u00fanico que me preocupa es crear universidades\u201d, agreg\u00f3 el pre candidato.<\/p>\n\n\n\n<p>Sobre la recorrida por la feria de Precios Populares, Fern\u00e1ndez indic\u00f3 que le llam\u00f3 la atenci\u00f3n la diferencia de precios que hay cuando se vende directo del productor al consumidor. \u201cEsto es para que prestemos atenci\u00f3n de c\u00f3mo se forman los precios en la Argentina, c\u00f3mo un sistema concentrador en la comercializaci\u00f3n distorsiona los precios. El Municipio comenz\u00f3 mostr\u00e1ndome el esfuerzo que hacen para abaratar los costos de la gente de Z\u00e1rate, por eso hago mi reconocimiento a los Municipios que hacen lo que el gobierno provincial y nacional dejaron de hacer para que la gente no la pase tan mal\u201d.<\/p>\n\n\n\n<p>Fern\u00e1ndez tambi\u00e9n les dijo a los presentes que \u201ccomo dec\u00eda Osvaldo hay paredes que nos dividen en partidos, pero tirando paredes construimos este Frente que es de Todos. En el Frente de Todos cada uno es respetado en su individualidad. En los intereses que representamos no tenemos diferencias\u201d.<\/p>\n\n\n\n<p>Ya en conferencia de prensa, Alberto Fern\u00e1ndez asever\u00f3: \u201cNos preocupa que el gobierno provincial y nacional se desentiendan de lo que le ocurre a la gente, y los Intendentes han hecho mucho para que la situaci\u00f3n no sea m\u00e1s ca\u00f3tica de lo que es\u201d.<\/p>\n\n\n\n<p>\u201cHay que darle previsibilidad a los argentinos, recuperar el consumo y los salarios, poner en marcha la econom\u00eda que es d\u00e9bil, hay que cambiar la l\u00f3gica que tiene este gobierno que lo \u00fanico que logr\u00f3 aumentar fue la pobreza\u201d, manifest\u00f3.<\/p>\n\n\n\n<p>Por su parte, el Intendente C\u00e1ffaro que se presenta para su cuarto mandato, agradeci\u00f3 la visita de Fern\u00e1ndez y se mostr\u00f3 muy contento ante la posibilidad que el CGC se convierta en una Universidad. \u201cEs muy dif\u00edcil planificar, pensamos una inflaci\u00f3n determinada y se duplica, tenemos fondos que se nos quitan, no tenemos un pa\u00eds normal, por eso apostamos a que haya un cambio en la Provincia y en Naci\u00f3n\u201d.<\/p>\n\n\n\n<p><strong>Fuente:&nbsp;<\/strong>Noticias Z\u00e1rate Alerta&nbsp;\n\n<\/p>\n","protected":false},"excerpt":{"rendered":"<p>El pre candidato a Presidente de la Naci\u00f3n Alberto Fern\u00e1ndez visit\u00f3 esta ma\u00f1ana la ciudad de Z\u00e1rate. Junto al Intendente Osvaldo C\u00e1ffaro visitaron la feria de Precios Populares en Plaza Mitre y luego recorrieron las instalaciones del Centro de Gesti\u00f3n del Conocimiento. El auditorio del CGC estuvo repleto y muchos vecinos tuvieron que seguir los [&hellip;]<\/p>\n","protected":false},"author":4,"featured_media":57683,"comment_status":"open","ping_status":"closed","sticky":false,"template":"","format":"standard","meta":{"om_disable_all_campaigns":false,"_jetpack_memberships_contains_paid_content":false,"footnotes":""},"categories":[621],"tags":[],"class_list":["post-57682","post","type-post","status-publish","format-standard","has-post-thumbnail","hentry","category-regionales"],"aioseo_notices":[],"gutentor_comment":0,"jetpack_featured_media_url":"https:\/\/eldiariodesanpedro.com.ar\/sitio\/wp-content\/uploads\/2019\/08\/Osvaldo-y-Alberto-recorrieron-Precios-Populares.jpeg","jetpack_shortlink":"https:\/\/wp.me\/p6RhLt-f0m","jetpack_sharing_enabled":true,"_links":{"self":[{"href":"https:\/\/eldiariodesanpedro.com.ar\/sitio\/wp-json\/wp\/v2\/posts\/57682","targetHints":{"allow":["GET"]}}],"collection":[{"href":"https:\/\/eldiariodesanpedro.com.ar\/sitio\/wp-json\/wp\/v2\/posts"}],"about":[{"href":"https:\/\/eldiariodesanpedro.com.ar\/sitio\/wp-json\/wp\/v2\/types\/post"}],"author":[{"embeddable":true,"href":"https:\/\/eldiariodesanpedro.com.ar\/sitio\/wp-json\/wp\/v2\/users\/4"}],"replies":[{"embeddable":true,"href":"https:\/\/eldiariodesanpedro.com.ar\/sitio\/wp-json\/wp\/v2\/comments?post=57682"}],"version-history":[{"count":1,"href":"https:\/\/eldiariodesanpedro.com.ar\/sitio\/wp-json\/wp\/v2\/posts\/57682\/revisions"}],"predecessor-version":[{"id":57690,"href":"https:\/\/eldiariodesanpedro.com.ar\/sitio\/wp-json\/wp\/v2\/posts\/57682\/revisions\/57690"}],"wp:featuredmedia":[{"embeddable":true,"href":"https:\/\/eldiariodesanpedro.com.ar\/sitio\/wp-json\/wp\/v2\/media\/57683"}],"wp:attachment":[{"href":"https:\/\/eldiariodesanpedro.com.ar\/sitio\/wp-json\/wp\/v2\/media?parent=57682"}],"wp:term":[{"taxonomy":"category","embeddable":true,"href":"https:\/\/eldiariodesanpedro.com.ar\/sitio\/wp-json\/wp\/v2\/categories?post=57682"},{"taxonomy":"post_tag","embeddable":true,"href":"https:\/\/eldiariodesanpedro.com.ar\/sitio\/wp-json\/wp\/v2\/tags?post=57682"}],"curies":[{"name":"wp","href":"https:\/\/api.w.org\/{rel}","templated":true}]}}