{"id":57679,"date":"2019-08-07T10:23:38","date_gmt":"2019-08-07T13:23:38","guid":{"rendered":"https:\/\/eldiariodesanpedro.com.ar\/sitio\/?p=57679"},"modified":"2019-08-07T10:23:52","modified_gmt":"2019-08-07T13:23:52","slug":"practica-de-desfile-con-parte-de-la-banda-de-musica-de-bomberos-voluntarios-de-san-isidro","status":"publish","type":"post","link":"https:\/\/eldiariodesanpedro.com.ar\/sitio\/practica-de-desfile-con-parte-de-la-banda-de-musica-de-bomberos-voluntarios-de-san-isidro\/","title":{"rendered":"Practica de desfile con parte de la banda de m\u00fasica de Bomberos Voluntarios de San Isidro"},"content":{"rendered":"<!-- VideographyWP Plugin Message: Automatic video embedding prevented by plugin options. -->\n\n<p>Se vienen los festejos por las 6 d\u00e9cadas de una de las instituciones m\u00e1s loables de nuestra querida ciudad. Bomberos Voluntarios se encuentra en v\u00edsperas de su festejo.<\/p>\n\n\n\n<p>Este martes por la tarde noche toda la dotaci\u00f3n estuvo practicando el desfile con parte de la banda de m\u00fasica de Bomberos Voluntarios de San Isidro, quienes estar\u00e1n presentes el d\u00eda del acto protocolar.<\/p>\n\n\n\n<p>La Banda de M\u00fasica de los Bomberos Voluntarios de San Isidro representa a esta instituci\u00f3n en actos oficiales como as\u00ed tambi\u00e9n brinda conciertos de m\u00fasica popular en distintos eventos.\u00a0<\/p>\n\n\n\n<p>Imagenes gentileza Eduardo Dlapa:<\/p>\n\n\n\n<ul class=\"wp-block-gallery columns-3 is-cropped wp-block-gallery-1 is-layout-flex wp-block-gallery-is-layout-flex\"><li class=\"blocks-gallery-item\"><figure><img decoding=\"async\" width=\"1152\" height=\"546\" data-attachment-id=\"57684\" data-permalink=\"https:\/\/eldiariodesanpedro.com.ar\/sitio\/practica-de-desfile-con-parte-de-la-banda-de-musica-de-bomberos-voluntarios-de-san-isidro\/67597416_10220148963297825_1086917508058841088_o\/\" data-orig-file=\"https:\/\/eldiariodesanpedro.com.ar\/sitio\/wp-content\/uploads\/2019\/08\/67597416_10220148963297825_1086917508058841088_o.jpg\" data-orig-size=\"1152,546\" data-comments-opened=\"1\" data-image-meta=\"{&quot;aperture&quot;:&quot;0&quot;,&quot;credit&quot;:&quot;&quot;,&quot;camera&quot;:&quot;&quot;,&quot;caption&quot;:&quot;&quot;,&quot;created_timestamp&quot;:&quot;0&quot;,&quot;copyright&quot;:&quot;&quot;,&quot;focal_length&quot;:&quot;0&quot;,&quot;iso&quot;:&quot;0&quot;,&quot;shutter_speed&quot;:&quot;0&quot;,&quot;title&quot;:&quot;&quot;,&quot;orientation&quot;:&quot;0&quot;}\" data-image-title=\"67597416_10220148963297825_1086917508058841088_o\" data-image-description=\"\" data-image-caption=\"\" data-large-file=\"https:\/\/eldiariodesanpedro.com.ar\/sitio\/wp-content\/uploads\/2019\/08\/67597416_10220148963297825_1086917508058841088_o-1024x485.jpg\" data-src=\"https:\/\/i1.wp.com\/eldiariodesanpedro.com.ar\/sitio\/wp-content\/uploads\/2019\/08\/67597416_10220148963297825_1086917508058841088_o.jpg?fit=660%2C313\" alt=\"\" data-id=\"57684\" data-link=\"https:\/\/eldiariodesanpedro.com.ar\/sitio\/?attachment_id=57684\" class=\"wp-image-57684 lazyload\" data-srcset=\"https:\/\/eldiariodesanpedro.com.ar\/sitio\/wp-content\/uploads\/2019\/08\/67597416_10220148963297825_1086917508058841088_o.jpg 1152w, https:\/\/eldiariodesanpedro.com.ar\/sitio\/wp-content\/uploads\/2019\/08\/67597416_10220148963297825_1086917508058841088_o-300x142.jpg 300w, https:\/\/eldiariodesanpedro.com.ar\/sitio\/wp-content\/uploads\/2019\/08\/67597416_10220148963297825_1086917508058841088_o-768x364.jpg 768w, https:\/\/eldiariodesanpedro.com.ar\/sitio\/wp-content\/uploads\/2019\/08\/67597416_10220148963297825_1086917508058841088_o-1024x485.jpg 1024w\" data-sizes=\"(max-width: 1152px) 100vw, 1152px\" src=\"data:image\/svg+xml;base64,PHN2ZyB3aWR0aD0iMSIgaGVpZ2h0PSIxIiB4bWxucz0iaHR0cDovL3d3dy53My5vcmcvMjAwMC9zdmciPjwvc3ZnPg==\" style=\"--smush-placeholder-width: 1152px; --smush-placeholder-aspect-ratio: 1152\/546;\" \/><\/figure><\/li><li class=\"blocks-gallery-item\"><figure><img decoding=\"async\" width=\"1280\" height=\"605\" data-attachment-id=\"57685\" data-permalink=\"https:\/\/eldiariodesanpedro.com.ar\/sitio\/practica-de-desfile-con-parte-de-la-banda-de-musica-de-bomberos-voluntarios-de-san-isidro\/67618026_10220148931857039_6487015872555646976_o\/\" data-orig-file=\"https:\/\/eldiariodesanpedro.com.ar\/sitio\/wp-content\/uploads\/2019\/08\/67618026_10220148931857039_6487015872555646976_o.jpg\" data-orig-size=\"1280,605\" data-comments-opened=\"1\" data-image-meta=\"{&quot;aperture&quot;:&quot;0&quot;,&quot;credit&quot;:&quot;&quot;,&quot;camera&quot;:&quot;&quot;,&quot;caption&quot;:&quot;&quot;,&quot;created_timestamp&quot;:&quot;0&quot;,&quot;copyright&quot;:&quot;&quot;,&quot;focal_length&quot;:&quot;0&quot;,&quot;iso&quot;:&quot;0&quot;,&quot;shutter_speed&quot;:&quot;0&quot;,&quot;title&quot;:&quot;&quot;,&quot;orientation&quot;:&quot;0&quot;}\" data-image-title=\"67618026_10220148931857039_6487015872555646976_o\" data-image-description=\"\" data-image-caption=\"\" data-large-file=\"https:\/\/eldiariodesanpedro.com.ar\/sitio\/wp-content\/uploads\/2019\/08\/67618026_10220148931857039_6487015872555646976_o-1024x484.jpg\" data-src=\"https:\/\/i2.wp.com\/eldiariodesanpedro.com.ar\/sitio\/wp-content\/uploads\/2019\/08\/67618026_10220148931857039_6487015872555646976_o.jpg?fit=660%2C312\" alt=\"\" data-id=\"57685\" data-link=\"https:\/\/eldiariodesanpedro.com.ar\/sitio\/?attachment_id=57685\" class=\"wp-image-57685 lazyload\" data-srcset=\"https:\/\/eldiariodesanpedro.com.ar\/sitio\/wp-content\/uploads\/2019\/08\/67618026_10220148931857039_6487015872555646976_o.jpg 1280w, https:\/\/eldiariodesanpedro.com.ar\/sitio\/wp-content\/uploads\/2019\/08\/67618026_10220148931857039_6487015872555646976_o-300x142.jpg 300w, https:\/\/eldiariodesanpedro.com.ar\/sitio\/wp-content\/uploads\/2019\/08\/67618026_10220148931857039_6487015872555646976_o-768x363.jpg 768w, https:\/\/eldiariodesanpedro.com.ar\/sitio\/wp-content\/uploads\/2019\/08\/67618026_10220148931857039_6487015872555646976_o-1024x484.jpg 1024w\" data-sizes=\"(max-width: 1280px) 100vw, 1280px\" src=\"data:image\/svg+xml;base64,PHN2ZyB3aWR0aD0iMSIgaGVpZ2h0PSIxIiB4bWxucz0iaHR0cDovL3d3dy53My5vcmcvMjAwMC9zdmciPjwvc3ZnPg==\" style=\"--smush-placeholder-width: 1280px; --smush-placeholder-aspect-ratio: 1280\/605;\" \/><\/figure><\/li><li class=\"blocks-gallery-item\"><figure><img decoding=\"async\" width=\"1352\" height=\"640\" data-attachment-id=\"57686\" data-permalink=\"https:\/\/eldiariodesanpedro.com.ar\/sitio\/practica-de-desfile-con-parte-de-la-banda-de-musica-de-bomberos-voluntarios-de-san-isidro\/67634985_2881235128559793_6358054149438832640_o\/\" data-orig-file=\"https:\/\/eldiariodesanpedro.com.ar\/sitio\/wp-content\/uploads\/2019\/08\/67634985_2881235128559793_6358054149438832640_o.jpg\" data-orig-size=\"1352,640\" data-comments-opened=\"1\" data-image-meta=\"{&quot;aperture&quot;:&quot;0&quot;,&quot;credit&quot;:&quot;&quot;,&quot;camera&quot;:&quot;&quot;,&quot;caption&quot;:&quot;&quot;,&quot;created_timestamp&quot;:&quot;0&quot;,&quot;copyright&quot;:&quot;&quot;,&quot;focal_length&quot;:&quot;0&quot;,&quot;iso&quot;:&quot;0&quot;,&quot;shutter_speed&quot;:&quot;0&quot;,&quot;title&quot;:&quot;&quot;,&quot;orientation&quot;:&quot;0&quot;}\" data-image-title=\"67634985_2881235128559793_6358054149438832640_o\" data-image-description=\"\" data-image-caption=\"\" data-large-file=\"https:\/\/eldiariodesanpedro.com.ar\/sitio\/wp-content\/uploads\/2019\/08\/67634985_2881235128559793_6358054149438832640_o-1024x485.jpg\" data-src=\"https:\/\/i2.wp.com\/eldiariodesanpedro.com.ar\/sitio\/wp-content\/uploads\/2019\/08\/67634985_2881235128559793_6358054149438832640_o.jpg?fit=660%2C313\" alt=\"\" data-id=\"57686\" data-link=\"https:\/\/eldiariodesanpedro.com.ar\/sitio\/?attachment_id=57686\" class=\"wp-image-57686 lazyload\" data-srcset=\"https:\/\/eldiariodesanpedro.com.ar\/sitio\/wp-content\/uploads\/2019\/08\/67634985_2881235128559793_6358054149438832640_o.jpg 1352w, https:\/\/eldiariodesanpedro.com.ar\/sitio\/wp-content\/uploads\/2019\/08\/67634985_2881235128559793_6358054149438832640_o-300x142.jpg 300w, https:\/\/eldiariodesanpedro.com.ar\/sitio\/wp-content\/uploads\/2019\/08\/67634985_2881235128559793_6358054149438832640_o-768x364.jpg 768w, https:\/\/eldiariodesanpedro.com.ar\/sitio\/wp-content\/uploads\/2019\/08\/67634985_2881235128559793_6358054149438832640_o-1024x485.jpg 1024w\" data-sizes=\"(max-width: 1352px) 100vw, 1352px\" src=\"data:image\/svg+xml;base64,PHN2ZyB3aWR0aD0iMSIgaGVpZ2h0PSIxIiB4bWxucz0iaHR0cDovL3d3dy53My5vcmcvMjAwMC9zdmciPjwvc3ZnPg==\" style=\"--smush-placeholder-width: 1352px; --smush-placeholder-aspect-ratio: 1352\/640;\" \/><\/figure><\/li><li class=\"blocks-gallery-item\"><figure><img decoding=\"async\" width=\"1280\" height=\"605\" data-attachment-id=\"57687\" data-permalink=\"https:\/\/eldiariodesanpedro.com.ar\/sitio\/practica-de-desfile-con-parte-de-la-banda-de-musica-de-bomberos-voluntarios-de-san-isidro\/67636512_10220148962817813_4065439063971201024_o\/\" data-orig-file=\"https:\/\/eldiariodesanpedro.com.ar\/sitio\/wp-content\/uploads\/2019\/08\/67636512_10220148962817813_4065439063971201024_o.jpg\" data-orig-size=\"1280,605\" data-comments-opened=\"1\" data-image-meta=\"{&quot;aperture&quot;:&quot;0&quot;,&quot;credit&quot;:&quot;&quot;,&quot;camera&quot;:&quot;&quot;,&quot;caption&quot;:&quot;&quot;,&quot;created_timestamp&quot;:&quot;0&quot;,&quot;copyright&quot;:&quot;&quot;,&quot;focal_length&quot;:&quot;0&quot;,&quot;iso&quot;:&quot;0&quot;,&quot;shutter_speed&quot;:&quot;0&quot;,&quot;title&quot;:&quot;&quot;,&quot;orientation&quot;:&quot;0&quot;}\" data-image-title=\"67636512_10220148962817813_4065439063971201024_o\" data-image-description=\"\" data-image-caption=\"\" data-large-file=\"https:\/\/eldiariodesanpedro.com.ar\/sitio\/wp-content\/uploads\/2019\/08\/67636512_10220148962817813_4065439063971201024_o-1024x484.jpg\" data-src=\"https:\/\/i2.wp.com\/eldiariodesanpedro.com.ar\/sitio\/wp-content\/uploads\/2019\/08\/67636512_10220148962817813_4065439063971201024_o.jpg?fit=660%2C312\" alt=\"\" data-id=\"57687\" data-link=\"https:\/\/eldiariodesanpedro.com.ar\/sitio\/?attachment_id=57687\" class=\"wp-image-57687 lazyload\" data-srcset=\"https:\/\/eldiariodesanpedro.com.ar\/sitio\/wp-content\/uploads\/2019\/08\/67636512_10220148962817813_4065439063971201024_o.jpg 1280w, https:\/\/eldiariodesanpedro.com.ar\/sitio\/wp-content\/uploads\/2019\/08\/67636512_10220148962817813_4065439063971201024_o-300x142.jpg 300w, https:\/\/eldiariodesanpedro.com.ar\/sitio\/wp-content\/uploads\/2019\/08\/67636512_10220148962817813_4065439063971201024_o-768x363.jpg 768w, https:\/\/eldiariodesanpedro.com.ar\/sitio\/wp-content\/uploads\/2019\/08\/67636512_10220148962817813_4065439063971201024_o-1024x484.jpg 1024w\" data-sizes=\"(max-width: 1280px) 100vw, 1280px\" src=\"data:image\/svg+xml;base64,PHN2ZyB3aWR0aD0iMSIgaGVpZ2h0PSIxIiB4bWxucz0iaHR0cDovL3d3dy53My5vcmcvMjAwMC9zdmciPjwvc3ZnPg==\" style=\"--smush-placeholder-width: 1280px; --smush-placeholder-aspect-ratio: 1280\/605;\" \/><\/figure><\/li><li class=\"blocks-gallery-item\"><figure><img decoding=\"async\" width=\"1352\" height=\"640\" data-attachment-id=\"57688\" data-permalink=\"https:\/\/eldiariodesanpedro.com.ar\/sitio\/practica-de-desfile-con-parte-de-la-banda-de-musica-de-bomberos-voluntarios-de-san-isidro\/67683434_2881235005226472_7779037473660731392_o\/\" data-orig-file=\"https:\/\/eldiariodesanpedro.com.ar\/sitio\/wp-content\/uploads\/2019\/08\/67683434_2881235005226472_7779037473660731392_o.jpg\" data-orig-size=\"1352,640\" data-comments-opened=\"1\" data-image-meta=\"{&quot;aperture&quot;:&quot;0&quot;,&quot;credit&quot;:&quot;&quot;,&quot;camera&quot;:&quot;&quot;,&quot;caption&quot;:&quot;&quot;,&quot;created_timestamp&quot;:&quot;0&quot;,&quot;copyright&quot;:&quot;&quot;,&quot;focal_length&quot;:&quot;0&quot;,&quot;iso&quot;:&quot;0&quot;,&quot;shutter_speed&quot;:&quot;0&quot;,&quot;title&quot;:&quot;&quot;,&quot;orientation&quot;:&quot;0&quot;}\" data-image-title=\"67683434_2881235005226472_7779037473660731392_o\" data-image-description=\"\" data-image-caption=\"\" data-large-file=\"https:\/\/eldiariodesanpedro.com.ar\/sitio\/wp-content\/uploads\/2019\/08\/67683434_2881235005226472_7779037473660731392_o-1024x485.jpg\" data-src=\"https:\/\/i1.wp.com\/eldiariodesanpedro.com.ar\/sitio\/wp-content\/uploads\/2019\/08\/67683434_2881235005226472_7779037473660731392_o.jpg?fit=660%2C313\" alt=\"\" data-id=\"57688\" data-link=\"https:\/\/eldiariodesanpedro.com.ar\/sitio\/?attachment_id=57688\" class=\"wp-image-57688 lazyload\" data-srcset=\"https:\/\/eldiariodesanpedro.com.ar\/sitio\/wp-content\/uploads\/2019\/08\/67683434_2881235005226472_7779037473660731392_o.jpg 1352w, https:\/\/eldiariodesanpedro.com.ar\/sitio\/wp-content\/uploads\/2019\/08\/67683434_2881235005226472_7779037473660731392_o-300x142.jpg 300w, https:\/\/eldiariodesanpedro.com.ar\/sitio\/wp-content\/uploads\/2019\/08\/67683434_2881235005226472_7779037473660731392_o-768x364.jpg 768w, https:\/\/eldiariodesanpedro.com.ar\/sitio\/wp-content\/uploads\/2019\/08\/67683434_2881235005226472_7779037473660731392_o-1024x485.jpg 1024w\" data-sizes=\"(max-width: 1352px) 100vw, 1352px\" src=\"data:image\/svg+xml;base64,PHN2ZyB3aWR0aD0iMSIgaGVpZ2h0PSIxIiB4bWxucz0iaHR0cDovL3d3dy53My5vcmcvMjAwMC9zdmciPjwvc3ZnPg==\" style=\"--smush-placeholder-width: 1352px; --smush-placeholder-aspect-ratio: 1352\/640;\" \/><\/figure><\/li><li class=\"blocks-gallery-item\"><figure><img decoding=\"async\" width=\"1352\" height=\"640\" data-attachment-id=\"57689\" data-permalink=\"https:\/\/eldiariodesanpedro.com.ar\/sitio\/practica-de-desfile-con-parte-de-la-banda-de-musica-de-bomberos-voluntarios-de-san-isidro\/67965602_2881234928559813_427095138506899456_o\/\" data-orig-file=\"https:\/\/eldiariodesanpedro.com.ar\/sitio\/wp-content\/uploads\/2019\/08\/67965602_2881234928559813_427095138506899456_o.jpg\" data-orig-size=\"1352,640\" data-comments-opened=\"1\" data-image-meta=\"{&quot;aperture&quot;:&quot;0&quot;,&quot;credit&quot;:&quot;&quot;,&quot;camera&quot;:&quot;&quot;,&quot;caption&quot;:&quot;&quot;,&quot;created_timestamp&quot;:&quot;0&quot;,&quot;copyright&quot;:&quot;&quot;,&quot;focal_length&quot;:&quot;0&quot;,&quot;iso&quot;:&quot;0&quot;,&quot;shutter_speed&quot;:&quot;0&quot;,&quot;title&quot;:&quot;&quot;,&quot;orientation&quot;:&quot;0&quot;}\" data-image-title=\"67965602_2881234928559813_427095138506899456_o\" data-image-description=\"\" data-image-caption=\"\" data-large-file=\"https:\/\/eldiariodesanpedro.com.ar\/sitio\/wp-content\/uploads\/2019\/08\/67965602_2881234928559813_427095138506899456_o-1024x485.jpg\" data-src=\"https:\/\/i1.wp.com\/eldiariodesanpedro.com.ar\/sitio\/wp-content\/uploads\/2019\/08\/67965602_2881234928559813_427095138506899456_o.jpg?fit=660%2C313\" alt=\"\" data-id=\"57689\" data-link=\"https:\/\/eldiariodesanpedro.com.ar\/sitio\/?attachment_id=57689\" class=\"wp-image-57689 lazyload\" data-srcset=\"https:\/\/eldiariodesanpedro.com.ar\/sitio\/wp-content\/uploads\/2019\/08\/67965602_2881234928559813_427095138506899456_o.jpg 1352w, https:\/\/eldiariodesanpedro.com.ar\/sitio\/wp-content\/uploads\/2019\/08\/67965602_2881234928559813_427095138506899456_o-300x142.jpg 300w, https:\/\/eldiariodesanpedro.com.ar\/sitio\/wp-content\/uploads\/2019\/08\/67965602_2881234928559813_427095138506899456_o-768x364.jpg 768w, https:\/\/eldiariodesanpedro.com.ar\/sitio\/wp-content\/uploads\/2019\/08\/67965602_2881234928559813_427095138506899456_o-1024x485.jpg 1024w\" data-sizes=\"(max-width: 1352px) 100vw, 1352px\" src=\"data:image\/svg+xml;base64,PHN2ZyB3aWR0aD0iMSIgaGVpZ2h0PSIxIiB4bWxucz0iaHR0cDovL3d3dy53My5vcmcvMjAwMC9zdmciPjwvc3ZnPg==\" style=\"--smush-placeholder-width: 1352px; --smush-placeholder-aspect-ratio: 1352\/640;\" \/><\/figure><\/li><\/ul>\n","protected":false},"excerpt":{"rendered":"<p>Se vienen los festejos por las 6 d\u00e9cadas de una de las instituciones m\u00e1s loables de nuestra querida ciudad. Bomberos Voluntarios se encuentra en v\u00edsperas de su festejo. Este martes por la tarde noche toda la dotaci\u00f3n estuvo practicando el desfile con parte de la banda de m\u00fasica de Bomberos Voluntarios de San Isidro, quienes [&hellip;]<\/p>\n","protected":false},"author":4,"featured_media":57685,"comment_status":"open","ping_status":"closed","sticky":false,"template":"","format":"standard","meta":{"om_disable_all_campaigns":false,"_jetpack_memberships_contains_paid_content":false,"footnotes":""},"categories":[50,101,2],"tags":[],"class_list":["post-57679","post","type-post","status-publish","format-standard","has-post-thumbnail","hentry","category-destacadas","category-interes-general-locales","category-locales"],"aioseo_notices":[],"gutentor_comment":0,"jetpack_featured_media_url":"https:\/\/eldiariodesanpedro.com.ar\/sitio\/wp-content\/uploads\/2019\/08\/67618026_10220148931857039_6487015872555646976_o.jpg","jetpack_shortlink":"https:\/\/wp.me\/p6RhLt-f0j","jetpack_sharing_enabled":true,"_links":{"self":[{"href":"https:\/\/eldiariodesanpedro.com.ar\/sitio\/wp-json\/wp\/v2\/posts\/57679","targetHints":{"allow":["GET"]}}],"collection":[{"href":"https:\/\/eldiariodesanpedro.com.ar\/sitio\/wp-json\/wp\/v2\/posts"}],"about":[{"href":"https:\/\/eldiariodesanpedro.com.ar\/sitio\/wp-json\/wp\/v2\/types\/post"}],"author":[{"embeddable":true,"href":"https:\/\/eldiariodesanpedro.com.ar\/sitio\/wp-json\/wp\/v2\/users\/4"}],"replies":[{"embeddable":true,"href":"https:\/\/eldiariodesanpedro.com.ar\/sitio\/wp-json\/wp\/v2\/comments?post=57679"}],"version-history":[{"count":2,"href":"https:\/\/eldiariodesanpedro.com.ar\/sitio\/wp-json\/wp\/v2\/posts\/57679\/revisions"}],"predecessor-version":[{"id":57699,"href":"https:\/\/eldiariodesanpedro.com.ar\/sitio\/wp-json\/wp\/v2\/posts\/57679\/revisions\/57699"}],"wp:featuredmedia":[{"embeddable":true,"href":"https:\/\/eldiariodesanpedro.com.ar\/sitio\/wp-json\/wp\/v2\/media\/57685"}],"wp:attachment":[{"href":"https:\/\/eldiariodesanpedro.com.ar\/sitio\/wp-json\/wp\/v2\/media?parent=57679"}],"wp:term":[{"taxonomy":"category","embeddable":true,"href":"https:\/\/eldiariodesanpedro.com.ar\/sitio\/wp-json\/wp\/v2\/categories?post=57679"},{"taxonomy":"post_tag","embeddable":true,"href":"https:\/\/eldiariodesanpedro.com.ar\/sitio\/wp-json\/wp\/v2\/tags?post=57679"}],"curies":[{"name":"wp","href":"https:\/\/api.w.org\/{rel}","templated":true}]}}