{"id":57672,"date":"2019-08-07T10:02:29","date_gmt":"2019-08-07T13:02:29","guid":{"rendered":"https:\/\/eldiariodesanpedro.com.ar\/sitio\/?p=57672"},"modified":"2019-08-07T10:02:33","modified_gmt":"2019-08-07T13:02:33","slug":"campana-el-cicacz-continua-monitoreando-el-aire-en-la-region-de-campana-y-zarate","status":"publish","type":"post","link":"https:\/\/eldiariodesanpedro.com.ar\/sitio\/campana-el-cicacz-continua-monitoreando-el-aire-en-la-region-de-campana-y-zarate\/","title":{"rendered":"CAMPANA | El CICACZ contin\u00faa monitoreando el aire en la regi\u00f3n de Campana y Z\u00e1rate"},"content":{"rendered":"<!-- VideographyWP Plugin Message: Automatic video embedding prevented by plugin options. -->\n\n<p>En el marco de la futura creaci\u00f3n del Centro de Monitoreo de la Calidad del Aire de la Provincia de Buenos Aires, instituciones que trabajan en el \u00e1rea visitaron una de las estaciones de monitoreo que integra la red del CICACZ.<\/p>\n\n\n\n<p>\n\nDesde el a\u00f1o 1998, el CICACZ viene trabajando de forma ininterrumpida en el monitoreo del aire de la regi\u00f3n. Esto convierte a la instituci\u00f3n en una pionera en la materia, contando con gran experiencia al respecto, siendo referente tanto a nivel provincial como nacional.&nbsp;<\/p>\n\n\n\n<p>Prueba de ello han sido las redes instaladas en ciudades como San Nicol\u00e1s, San Juan, San Lorenzo (Santa Fe), entre otras, que se han basado en la experiencia del CICACZ a la hora de desarrollar sus proyectos.<\/p>\n\n\n\n<p>Es por este motivo que representantes del OPDS (Organismo Provincial para el Desarrollo Sostenible), de la USEPA (Agencia de Protecci\u00f3n Ambiental de los Estados Unidos), y de la UIPBA (Uni\u00f3n Industrial de la Provincia de Buenos Aires), visitaron una de la Estaci\u00f3n ubicada en el predio de la Central Termoel\u00e9ctrica Manuel Belgrano, la cual forma parte de la Red de tres estaciones que el CICACZ opera en la regi\u00f3n de Z\u00e1rate y Campana.&nbsp;<\/p>\n\n\n\n<p>Esta visita se dio como parte de las actividades programadas para la Mesa de Di\u00e1logo sobre Calidad de Aire con el Sector Privado que se llev\u00f3 a cabo d\u00edas atr\u00e1s en la Ciudad de Campana.<\/p>\n\n\n\n<p>El Ing. Gabriel Cerasa, Presidente del CICACZ, remarc\u00f3 que \u201cesta visita constituye sin dudas un reconocimiento de las Autoridades Ambientales de la Provincia a las acciones que desde ya hace ya 21 a\u00f1os venimos desarrollando en la materia\u201d.&nbsp;<\/p>\n\n\n\n<p>Adem\u00e1s, inform\u00f3 que \u201cen una primera instancia la informaci\u00f3n que suministrar\u00e1 la Red de Monitoreo del CICACZ al Centro de Monitoreo de la Calidad de Aire de la Provincia, provendr\u00e1 de la Estaci\u00f3n ubicada en el predio de la Central Termoel\u00e9ctrica Manuel Belgrano, aunque el objetivo a futuro es que las tres estaciones que integran esta Red, comiencen a comunicar en forma remota y en tiempo real, los resultados de las mediciones que van desarrollando\u201d.<\/p>\n\n\n\n<p>El CICACZ es una Asociaci\u00f3n Civil sin Fines de Lucro, actualmente integrada por las empresas Arauco Argentina S.A., Archroma Argentina S.A., Asoc. de Cooperativas Argentinas Cooperativa Limitada, Axion Energy Argentina S.A., Bayer Argentina S.A.; Bunge Argentina S.A., Cabot Argentina S.A.I.C., Clariant Argentina S.A., DAK Am\u00e9ricas Argentina S.A., Holcim Argentina S.A., Honda Argentina S.A., LTM Ailinco S.A; Nucleoel\u00e9ctrica Argentina S.A., Odfjell Terminals Tagsa S.A., Pampa Energ\u00eda S.A., Petrominig S.A., Praxair Argentina S.R.L., Recovering S.A.; Tenaris Siderca S.A.I.C., Termoel\u00e9ctrica Manuel Belgrano, y Toyota Argentina S.A. <\/p>\n\n\n\n<p>Fuente: Campana Noticias<\/p>\n\n\n\n<p><br><\/p>\n","protected":false},"excerpt":{"rendered":"<p>En el marco de la futura creaci\u00f3n del Centro de Monitoreo de la Calidad del Aire de la Provincia de Buenos Aires, instituciones que trabajan en el \u00e1rea visitaron una de las estaciones de monitoreo que integra la red del CICACZ. Desde el a\u00f1o 1998, el CICACZ viene trabajando de forma ininterrumpida en el monitoreo [&hellip;]<\/p>\n","protected":false},"author":4,"featured_media":57673,"comment_status":"open","ping_status":"closed","sticky":false,"template":"","format":"standard","meta":{"om_disable_all_campaigns":false,"_jetpack_memberships_contains_paid_content":false,"footnotes":""},"categories":[621],"tags":[],"class_list":["post-57672","post","type-post","status-publish","format-standard","has-post-thumbnail","hentry","category-regionales"],"aioseo_notices":[],"gutentor_comment":0,"jetpack_featured_media_url":"https:\/\/eldiariodesanpedro.com.ar\/sitio\/wp-content\/uploads\/2019\/08\/20190806074631.jpg","jetpack_shortlink":"https:\/\/wp.me\/p6RhLt-f0c","jetpack_sharing_enabled":true,"_links":{"self":[{"href":"https:\/\/eldiariodesanpedro.com.ar\/sitio\/wp-json\/wp\/v2\/posts\/57672","targetHints":{"allow":["GET"]}}],"collection":[{"href":"https:\/\/eldiariodesanpedro.com.ar\/sitio\/wp-json\/wp\/v2\/posts"}],"about":[{"href":"https:\/\/eldiariodesanpedro.com.ar\/sitio\/wp-json\/wp\/v2\/types\/post"}],"author":[{"embeddable":true,"href":"https:\/\/eldiariodesanpedro.com.ar\/sitio\/wp-json\/wp\/v2\/users\/4"}],"replies":[{"embeddable":true,"href":"https:\/\/eldiariodesanpedro.com.ar\/sitio\/wp-json\/wp\/v2\/comments?post=57672"}],"version-history":[{"count":1,"href":"https:\/\/eldiariodesanpedro.com.ar\/sitio\/wp-json\/wp\/v2\/posts\/57672\/revisions"}],"predecessor-version":[{"id":57674,"href":"https:\/\/eldiariodesanpedro.com.ar\/sitio\/wp-json\/wp\/v2\/posts\/57672\/revisions\/57674"}],"wp:featuredmedia":[{"embeddable":true,"href":"https:\/\/eldiariodesanpedro.com.ar\/sitio\/wp-json\/wp\/v2\/media\/57673"}],"wp:attachment":[{"href":"https:\/\/eldiariodesanpedro.com.ar\/sitio\/wp-json\/wp\/v2\/media?parent=57672"}],"wp:term":[{"taxonomy":"category","embeddable":true,"href":"https:\/\/eldiariodesanpedro.com.ar\/sitio\/wp-json\/wp\/v2\/categories?post=57672"},{"taxonomy":"post_tag","embeddable":true,"href":"https:\/\/eldiariodesanpedro.com.ar\/sitio\/wp-json\/wp\/v2\/tags?post=57672"}],"curies":[{"name":"wp","href":"https:\/\/api.w.org\/{rel}","templated":true}]}}