{"id":57669,"date":"2019-08-07T10:00:16","date_gmt":"2019-08-07T13:00:16","guid":{"rendered":"https:\/\/eldiariodesanpedro.com.ar\/sitio\/?p=57669"},"modified":"2019-08-07T10:00:20","modified_gmt":"2019-08-07T13:00:20","slug":"campana-fuerte-protesta-gremial-frente-al-municipio","status":"publish","type":"post","link":"https:\/\/eldiariodesanpedro.com.ar\/sitio\/campana-fuerte-protesta-gremial-frente-al-municipio\/","title":{"rendered":"CAMPANA | Fuerte protesta gremial frente al municipio"},"content":{"rendered":"<!-- VideographyWP Plugin Message: Automatic video embedding prevented by plugin options. -->\n\n<p>Una movilizaci\u00f3n protagonizada por dirigentes gremiales y trabajadores del \u00e1rea de seguridad oblig\u00f3 a la evacuaci\u00f3n del edificio en el que funciona la municipalidad de Campana, distrito gobernado por el macrista Sebasti\u00e1n Abella.<\/p>\n\n\n\n<p>\u00abFue una protesta de un sindicato de vigiladores, acompa\u00f1ados por algunos concejales y dirigentes de la oposici\u00f3n\u00bb, aseguraron a La Tecla desde el Ejecutivo local.<br><br>La movilizaci\u00f3n incluy\u00f3 la quema de varias cubiertas, incluso de carteler\u00eda pol\u00edtica, provocando que \u00abalgunas personas que estaban dentro del palacio municipal sufriesen los efectos del humo\u00bb, explicaron, a\u00f1adiendo que \u00abalgunas tuvieron principio de intoxicaci\u00f3n, por lo que se decidi\u00f3 la evacuaci\u00f3n del edificio.<br><br>Las mismas fuentes expresaron que tambi\u00e9n se decidi\u00f3 cerrar preventivamente el Instituto de Formaci\u00f3n Docente, ubicado frente a la municipalidad.<\/p>\n\n\n\n<p>Fuente: La Tecla<\/p>\n","protected":false},"excerpt":{"rendered":"<p>Una movilizaci\u00f3n protagonizada por dirigentes gremiales y trabajadores del \u00e1rea de seguridad oblig\u00f3 a la evacuaci\u00f3n del edificio en el que funciona la municipalidad de Campana, distrito gobernado por el macrista Sebasti\u00e1n Abella. \u00abFue una protesta de un sindicato de vigiladores, acompa\u00f1ados por algunos concejales y dirigentes de la oposici\u00f3n\u00bb, aseguraron a La Tecla desde [&hellip;]<\/p>\n","protected":false},"author":4,"featured_media":57670,"comment_status":"open","ping_status":"closed","sticky":false,"template":"","format":"standard","meta":{"om_disable_all_campaigns":false,"_jetpack_memberships_contains_paid_content":false,"footnotes":""},"categories":[621],"tags":[],"class_list":["post-57669","post","type-post","status-publish","format-standard","has-post-thumbnail","hentry","category-regionales"],"aioseo_notices":[],"gutentor_comment":0,"jetpack_featured_media_url":"https:\/\/eldiariodesanpedro.com.ar\/sitio\/wp-content\/uploads\/2019\/08\/101483_3.jpg","jetpack_shortlink":"https:\/\/wp.me\/p6RhLt-f09","jetpack_sharing_enabled":true,"_links":{"self":[{"href":"https:\/\/eldiariodesanpedro.com.ar\/sitio\/wp-json\/wp\/v2\/posts\/57669","targetHints":{"allow":["GET"]}}],"collection":[{"href":"https:\/\/eldiariodesanpedro.com.ar\/sitio\/wp-json\/wp\/v2\/posts"}],"about":[{"href":"https:\/\/eldiariodesanpedro.com.ar\/sitio\/wp-json\/wp\/v2\/types\/post"}],"author":[{"embeddable":true,"href":"https:\/\/eldiariodesanpedro.com.ar\/sitio\/wp-json\/wp\/v2\/users\/4"}],"replies":[{"embeddable":true,"href":"https:\/\/eldiariodesanpedro.com.ar\/sitio\/wp-json\/wp\/v2\/comments?post=57669"}],"version-history":[{"count":1,"href":"https:\/\/eldiariodesanpedro.com.ar\/sitio\/wp-json\/wp\/v2\/posts\/57669\/revisions"}],"predecessor-version":[{"id":57671,"href":"https:\/\/eldiariodesanpedro.com.ar\/sitio\/wp-json\/wp\/v2\/posts\/57669\/revisions\/57671"}],"wp:featuredmedia":[{"embeddable":true,"href":"https:\/\/eldiariodesanpedro.com.ar\/sitio\/wp-json\/wp\/v2\/media\/57670"}],"wp:attachment":[{"href":"https:\/\/eldiariodesanpedro.com.ar\/sitio\/wp-json\/wp\/v2\/media?parent=57669"}],"wp:term":[{"taxonomy":"category","embeddable":true,"href":"https:\/\/eldiariodesanpedro.com.ar\/sitio\/wp-json\/wp\/v2\/categories?post=57669"},{"taxonomy":"post_tag","embeddable":true,"href":"https:\/\/eldiariodesanpedro.com.ar\/sitio\/wp-json\/wp\/v2\/tags?post=57669"}],"curies":[{"name":"wp","href":"https:\/\/api.w.org\/{rel}","templated":true}]}}