{"id":57666,"date":"2019-08-07T09:58:28","date_gmt":"2019-08-07T12:58:28","guid":{"rendered":"https:\/\/eldiariodesanpedro.com.ar\/sitio\/?p=57666"},"modified":"2019-08-07T09:58:32","modified_gmt":"2019-08-07T12:58:32","slug":"baradero-trabajadores-de-donto-vuelven-al-paro","status":"publish","type":"post","link":"https:\/\/eldiariodesanpedro.com.ar\/sitio\/baradero-trabajadores-de-donto-vuelven-al-paro\/","title":{"rendered":"BARADERO | Trabajadores de Donto vuelven al paro"},"content":{"rendered":"<!-- VideographyWP Plugin Message: Automatic video embedding prevented by plugin options. -->\n\n<p>Esta ma\u00f1ana de martes los trabajadores de la curtiembre Donto S.A. volvieron a tomar una medida de fuerza a causa de la falta de pago de una nueva quincena.<\/p>\n\n\n\n<p>En la asamblea que se realiz\u00f3 en las primeras horas del d\u00eda de hoy, los afiliados al sindicato de curtidores, tomaron la decisi\u00f3n de realizar un paro en el lugar de trabajo.<\/p>\n\n\n\n<p>Nuevamente la empresa no deposit\u00f3 el pago de la quincena correspondiente, a lo que se suma irregularidades legales que genera inconvenientes con las obra sociales por lo cual la mayor\u00eda de los empleados la tendr\u00eda cortada.<\/p>\n\n\n\n<p>Fuente: Baradero Te Informa<\/p>\n","protected":false},"excerpt":{"rendered":"<p>Esta ma\u00f1ana de martes los trabajadores de la curtiembre Donto S.A. volvieron a tomar una medida de fuerza a causa de la falta de pago de una nueva quincena. En la asamblea que se realiz\u00f3 en las primeras horas del d\u00eda de hoy, los afiliados al sindicato de curtidores, tomaron la decisi\u00f3n de realizar un [&hellip;]<\/p>\n","protected":false},"author":4,"featured_media":57667,"comment_status":"open","ping_status":"closed","sticky":false,"template":"","format":"standard","meta":{"om_disable_all_campaigns":false,"_jetpack_memberships_contains_paid_content":false,"footnotes":""},"categories":[621],"tags":[],"class_list":["post-57666","post","type-post","status-publish","format-standard","has-post-thumbnail","hentry","category-regionales"],"aioseo_notices":[],"gutentor_comment":0,"jetpack_featured_media_url":"https:\/\/eldiariodesanpedro.com.ar\/sitio\/wp-content\/uploads\/2019\/08\/38717329_507374983017916_6327675643890761728_n.jpg","jetpack_shortlink":"https:\/\/wp.me\/p6RhLt-f06","jetpack_sharing_enabled":true,"_links":{"self":[{"href":"https:\/\/eldiariodesanpedro.com.ar\/sitio\/wp-json\/wp\/v2\/posts\/57666","targetHints":{"allow":["GET"]}}],"collection":[{"href":"https:\/\/eldiariodesanpedro.com.ar\/sitio\/wp-json\/wp\/v2\/posts"}],"about":[{"href":"https:\/\/eldiariodesanpedro.com.ar\/sitio\/wp-json\/wp\/v2\/types\/post"}],"author":[{"embeddable":true,"href":"https:\/\/eldiariodesanpedro.com.ar\/sitio\/wp-json\/wp\/v2\/users\/4"}],"replies":[{"embeddable":true,"href":"https:\/\/eldiariodesanpedro.com.ar\/sitio\/wp-json\/wp\/v2\/comments?post=57666"}],"version-history":[{"count":1,"href":"https:\/\/eldiariodesanpedro.com.ar\/sitio\/wp-json\/wp\/v2\/posts\/57666\/revisions"}],"predecessor-version":[{"id":57668,"href":"https:\/\/eldiariodesanpedro.com.ar\/sitio\/wp-json\/wp\/v2\/posts\/57666\/revisions\/57668"}],"wp:featuredmedia":[{"embeddable":true,"href":"https:\/\/eldiariodesanpedro.com.ar\/sitio\/wp-json\/wp\/v2\/media\/57667"}],"wp:attachment":[{"href":"https:\/\/eldiariodesanpedro.com.ar\/sitio\/wp-json\/wp\/v2\/media?parent=57666"}],"wp:term":[{"taxonomy":"category","embeddable":true,"href":"https:\/\/eldiariodesanpedro.com.ar\/sitio\/wp-json\/wp\/v2\/categories?post=57666"},{"taxonomy":"post_tag","embeddable":true,"href":"https:\/\/eldiariodesanpedro.com.ar\/sitio\/wp-json\/wp\/v2\/tags?post=57666"}],"curies":[{"name":"wp","href":"https:\/\/api.w.org\/{rel}","templated":true}]}}