{"id":57661,"date":"2019-08-07T09:56:04","date_gmt":"2019-08-07T12:56:04","guid":{"rendered":"https:\/\/eldiariodesanpedro.com.ar\/sitio\/?p=57661"},"modified":"2019-08-07T09:56:09","modified_gmt":"2019-08-07T12:56:09","slug":"plaza-de-la-amistad-una-nina-cayo-de-un-juego-roto-a-una-altura-de-2-metros","status":"publish","type":"post","link":"https:\/\/eldiariodesanpedro.com.ar\/sitio\/plaza-de-la-amistad-una-nina-cayo-de-un-juego-roto-a-una-altura-de-2-metros\/","title":{"rendered":"Plaza de la Amistad: Una ni\u00f1a cay\u00f3 de un juego roto a una altura de 2 metros"},"content":{"rendered":"<!-- VideographyWP Plugin Message: Automatic video embedding prevented by plugin options. -->\n\n<p>El hecho se produjo este domingo a la tarde cuando una mama decidi\u00f3 jugar con su hija en el lugar. La ni\u00f1a subi\u00f3 a uno de los juegos para tirarse del tobog\u00e1n de madera pero cayo antes al vac\u00edo de una altura de dos metros.<\/p>\n\n\n\n<p>La plaza se encuentra ubicada sobre Av. 11 de Septiembre y Liniers, grandes y chicos disfrutan del espacio publico todos los d\u00edas, los fines de semana como es habitual en nuestra ciudad, el publico se suma.<\/p>\n\n\n\n<p>Hace bastante que seg\u00fan testigos el lugar tiene uno de los juegos en mal estado, roto, le falta dos maderas a una de las pasarelas de madera que los ni\u00f1os suben y corren para tirarse por el tobog\u00e1n.<\/p>\n\n\n\n<p>Sofi no sabia, ella corri\u00f3 contenta y cayo al vac\u00edo.<\/p>\n\n\n\n<p>La altura es de casi dos metros,  cabe destacar que de un tiempo a esta parte no se hab\u00edan escuchado accidentes semejantes, pero a esa altura podr\u00eda haber tenido el peor final. <\/p>\n\n\n\n<p> La ni\u00f1a fue  trasladada de urgencia al nosocomio local donde permaneci\u00f3 3 horas en observaci\u00f3n. Afortunadamente est\u00e1 bien, sin mayores consecuencias. <\/p>\n\n\n\n<p>Lara, su mam\u00e1 hizo su descargo en su red social de facebook apuntando contra el Municipio y relatando el tremendo y lamentable momento que pasaron con su hija:<\/p>\n\n\n\n<p>\u00abEl Domingo 4\/8, salimos de paseo caminando con nuestra hija Sophie, \u00edbamos a ir al Paseo P\u00fablico, de pasada nos qued\u00f3 la plaza de la amistad, dijimos &#8216;una subsidia y una tirada de tobog\u00e1n y seguimos&#8217;.\u00a0<br>Todav\u00eda maldigo el momento en que frenamos, la tirada de tobog\u00e1n podr\u00eda haber terminado con un final peor al que nos toco.\u00a0<br>Sophie se subi\u00f3, y al que no lo sabe, para ir al tobog\u00e1n se sube por otra &#8216;torrecita&#8217;, se cruza el puente y ah\u00ed llegas al tobog\u00e1n. Nunca llego al tobog\u00e1n&#8230;\u00a0<br>Mientras que yo caminaba desde el piso, y ella por el puente, ninguna de las dos lo vio venir, faltaban tablones del piso del puente. Sophie cay\u00f3 de una altura de casi 2 metros, dir\u00eda 1.80. Al caer, cae de espaldas contra el tronco que esta casi al ras del piso, rebota y cae boca abajo.\u00a0<br>Pienso en el momento de verla cayendo y yo sin poder evitarlo, y se me estruja el alma, me duele el pecho de pensar en otro final. Otro final que se podr\u00eda haber evitado, pero el que nos toc\u00f3 fue terminar en la guardia, con 3 placas, an\u00e1lisis de sangre y de orina, 3 hs en observaci\u00f3n.<br>Sophie esta bien, salvo el golpe en la cara, gracias a Dios, la Virgen o a la pura suerte de haber esquivado otro final. Podr\u00eda haberse rasgado cualquier parte del cuerpo con los clavos que ah\u00ed se ven en las fotos, podr\u00eda haberse quebrado, no volver a caminar, cualquier cosa podr\u00eda haberle pasado.\u00a0<br>\u00bfC\u00f3mo se podr\u00eda haber evitado este momento horrible? Con control, con el municipio corroborando que el espacio en donde juegan nuestros chicos es seguro, cambiando las tablas podridas, o por lo menos clausurandolos si es que no tienen fondos para arreglarlos \u00a1\u00a1\u00a1Pero hagan algo!!! Mi hija hoy esta sana, vive y r\u00ede. Pero podr\u00eda no haberla vuelto a escuchar re\u00edr&#8230; El doctor de la guardia me lo dijo, fue un milagro y una suerte b\u00e1rbara que no le haya pasado nada\u00bb. <\/p>\n\n\n\n<p>Desde que paso el accidente este domingo 4 de agosto no se arreglo el juego en la plaza.<\/p>\n\n\n\n<ul class=\"wp-block-gallery columns-2 is-cropped wp-block-gallery-1 is-layout-flex wp-block-gallery-is-layout-flex\"><li class=\"blocks-gallery-item\"><figure><img decoding=\"async\" width=\"768\" height=\"1280\" data-attachment-id=\"57663\" data-permalink=\"https:\/\/eldiariodesanpedro.com.ar\/sitio\/plaza-de-la-amistad-una-nina-cayo-de-un-juego-roto-a-una-altura-de-2-metros\/whatsapp-image-2019-08-07-at-8-52-02-am-2\/\" data-orig-file=\"https:\/\/eldiariodesanpedro.com.ar\/sitio\/wp-content\/uploads\/2019\/08\/WhatsApp-Image-2019-08-07-at-8.52.02-AM-1.jpeg\" data-orig-size=\"768,1280\" data-comments-opened=\"1\" data-image-meta=\"{&quot;aperture&quot;:&quot;0&quot;,&quot;credit&quot;:&quot;&quot;,&quot;camera&quot;:&quot;&quot;,&quot;caption&quot;:&quot;&quot;,&quot;created_timestamp&quot;:&quot;0&quot;,&quot;copyright&quot;:&quot;&quot;,&quot;focal_length&quot;:&quot;0&quot;,&quot;iso&quot;:&quot;0&quot;,&quot;shutter_speed&quot;:&quot;0&quot;,&quot;title&quot;:&quot;&quot;,&quot;orientation&quot;:&quot;0&quot;}\" data-image-title=\"WhatsApp Image 2019-08-07 at 8.52.02 AM\" data-image-description=\"\" data-image-caption=\"\" data-large-file=\"https:\/\/eldiariodesanpedro.com.ar\/sitio\/wp-content\/uploads\/2019\/08\/WhatsApp-Image-2019-08-07-at-8.52.02-AM-1-614x1024.jpeg\" data-src=\"https:\/\/i0.wp.com\/eldiariodesanpedro.com.ar\/sitio\/wp-content\/uploads\/2019\/08\/WhatsApp-Image-2019-08-07-at-8.52.02-AM-1.jpeg?fit=614%2C1024\" alt=\"\" data-id=\"57663\" data-link=\"https:\/\/eldiariodesanpedro.com.ar\/sitio\/?attachment_id=57663\" class=\"wp-image-57663 lazyload\" data-srcset=\"https:\/\/eldiariodesanpedro.com.ar\/sitio\/wp-content\/uploads\/2019\/08\/WhatsApp-Image-2019-08-07-at-8.52.02-AM-1.jpeg 768w, https:\/\/eldiariodesanpedro.com.ar\/sitio\/wp-content\/uploads\/2019\/08\/WhatsApp-Image-2019-08-07-at-8.52.02-AM-1-180x300.jpeg 180w, https:\/\/eldiariodesanpedro.com.ar\/sitio\/wp-content\/uploads\/2019\/08\/WhatsApp-Image-2019-08-07-at-8.52.02-AM-1-614x1024.jpeg 614w\" data-sizes=\"(max-width: 768px) 100vw, 768px\" src=\"data:image\/svg+xml;base64,PHN2ZyB3aWR0aD0iMSIgaGVpZ2h0PSIxIiB4bWxucz0iaHR0cDovL3d3dy53My5vcmcvMjAwMC9zdmciPjwvc3ZnPg==\" style=\"--smush-placeholder-width: 768px; --smush-placeholder-aspect-ratio: 768\/1280;\" \/><\/figure><\/li><li class=\"blocks-gallery-item\"><figure><img decoding=\"async\" width=\"768\" height=\"1280\" data-attachment-id=\"57664\" data-permalink=\"https:\/\/eldiariodesanpedro.com.ar\/sitio\/plaza-de-la-amistad-una-nina-cayo-de-un-juego-roto-a-una-altura-de-2-metros\/whatsapp-image-2019-08-07-at-8-52-16-am\/\" data-orig-file=\"https:\/\/eldiariodesanpedro.com.ar\/sitio\/wp-content\/uploads\/2019\/08\/WhatsApp-Image-2019-08-07-at-8.52.16-AM.jpeg\" data-orig-size=\"768,1280\" data-comments-opened=\"1\" data-image-meta=\"{&quot;aperture&quot;:&quot;0&quot;,&quot;credit&quot;:&quot;&quot;,&quot;camera&quot;:&quot;&quot;,&quot;caption&quot;:&quot;&quot;,&quot;created_timestamp&quot;:&quot;0&quot;,&quot;copyright&quot;:&quot;&quot;,&quot;focal_length&quot;:&quot;0&quot;,&quot;iso&quot;:&quot;0&quot;,&quot;shutter_speed&quot;:&quot;0&quot;,&quot;title&quot;:&quot;&quot;,&quot;orientation&quot;:&quot;0&quot;}\" data-image-title=\"WhatsApp Image 2019-08-07 at 8.52.16 AM\" data-image-description=\"\" data-image-caption=\"\" data-large-file=\"https:\/\/eldiariodesanpedro.com.ar\/sitio\/wp-content\/uploads\/2019\/08\/WhatsApp-Image-2019-08-07-at-8.52.16-AM-614x1024.jpeg\" data-src=\"https:\/\/i2.wp.com\/eldiariodesanpedro.com.ar\/sitio\/wp-content\/uploads\/2019\/08\/WhatsApp-Image-2019-08-07-at-8.52.16-AM.jpeg?fit=614%2C1024\" alt=\"\" data-id=\"57664\" data-link=\"https:\/\/eldiariodesanpedro.com.ar\/sitio\/?attachment_id=57664\" class=\"wp-image-57664 lazyload\" data-srcset=\"https:\/\/eldiariodesanpedro.com.ar\/sitio\/wp-content\/uploads\/2019\/08\/WhatsApp-Image-2019-08-07-at-8.52.16-AM.jpeg 768w, https:\/\/eldiariodesanpedro.com.ar\/sitio\/wp-content\/uploads\/2019\/08\/WhatsApp-Image-2019-08-07-at-8.52.16-AM-180x300.jpeg 180w, https:\/\/eldiariodesanpedro.com.ar\/sitio\/wp-content\/uploads\/2019\/08\/WhatsApp-Image-2019-08-07-at-8.52.16-AM-614x1024.jpeg 614w\" data-sizes=\"(max-width: 768px) 100vw, 768px\" src=\"data:image\/svg+xml;base64,PHN2ZyB3aWR0aD0iMSIgaGVpZ2h0PSIxIiB4bWxucz0iaHR0cDovL3d3dy53My5vcmcvMjAwMC9zdmciPjwvc3ZnPg==\" style=\"--smush-placeholder-width: 768px; --smush-placeholder-aspect-ratio: 768\/1280;\" \/><\/figure><\/li><\/ul>\n","protected":false},"excerpt":{"rendered":"<p>El hecho se produjo este domingo a la tarde cuando una mama decidi\u00f3 jugar con su hija en el lugar. La ni\u00f1a subi\u00f3 a uno de los juegos para tirarse del tobog\u00e1n de madera pero cayo antes al vac\u00edo de una altura de dos metros. La plaza se encuentra ubicada sobre Av. 11 de Septiembre [&hellip;]<\/p>\n","protected":false},"author":4,"featured_media":57662,"comment_status":"open","ping_status":"closed","sticky":false,"template":"","format":"standard","meta":{"om_disable_all_campaigns":false,"_jetpack_memberships_contains_paid_content":false,"footnotes":""},"categories":[50,101,2],"tags":[],"class_list":["post-57661","post","type-post","status-publish","format-standard","has-post-thumbnail","hentry","category-destacadas","category-interes-general-locales","category-locales"],"aioseo_notices":[],"gutentor_comment":0,"jetpack_featured_media_url":"https:\/\/eldiariodesanpedro.com.ar\/sitio\/wp-content\/uploads\/2019\/08\/WhatsApp-Image-2019-08-07-at-8.52.02-AM.jpeg","jetpack_shortlink":"https:\/\/wp.me\/p6RhLt-f01","jetpack_sharing_enabled":true,"_links":{"self":[{"href":"https:\/\/eldiariodesanpedro.com.ar\/sitio\/wp-json\/wp\/v2\/posts\/57661","targetHints":{"allow":["GET"]}}],"collection":[{"href":"https:\/\/eldiariodesanpedro.com.ar\/sitio\/wp-json\/wp\/v2\/posts"}],"about":[{"href":"https:\/\/eldiariodesanpedro.com.ar\/sitio\/wp-json\/wp\/v2\/types\/post"}],"author":[{"embeddable":true,"href":"https:\/\/eldiariodesanpedro.com.ar\/sitio\/wp-json\/wp\/v2\/users\/4"}],"replies":[{"embeddable":true,"href":"https:\/\/eldiariodesanpedro.com.ar\/sitio\/wp-json\/wp\/v2\/comments?post=57661"}],"version-history":[{"count":1,"href":"https:\/\/eldiariodesanpedro.com.ar\/sitio\/wp-json\/wp\/v2\/posts\/57661\/revisions"}],"predecessor-version":[{"id":57665,"href":"https:\/\/eldiariodesanpedro.com.ar\/sitio\/wp-json\/wp\/v2\/posts\/57661\/revisions\/57665"}],"wp:featuredmedia":[{"embeddable":true,"href":"https:\/\/eldiariodesanpedro.com.ar\/sitio\/wp-json\/wp\/v2\/media\/57662"}],"wp:attachment":[{"href":"https:\/\/eldiariodesanpedro.com.ar\/sitio\/wp-json\/wp\/v2\/media?parent=57661"}],"wp:term":[{"taxonomy":"category","embeddable":true,"href":"https:\/\/eldiariodesanpedro.com.ar\/sitio\/wp-json\/wp\/v2\/categories?post=57661"},{"taxonomy":"post_tag","embeddable":true,"href":"https:\/\/eldiariodesanpedro.com.ar\/sitio\/wp-json\/wp\/v2\/tags?post=57661"}],"curies":[{"name":"wp","href":"https:\/\/api.w.org\/{rel}","templated":true}]}}