{"id":5766,"date":"2016-07-06T11:23:21","date_gmt":"2016-07-06T14:23:21","guid":{"rendered":"https:\/\/eldiariodesanpedro.com.ar\/sitio\/?p=5766"},"modified":"2016-07-06T11:23:21","modified_gmt":"2016-07-06T14:23:21","slug":"presentaron-las-actividades-de-la-semana-del-bicentenario","status":"publish","type":"post","link":"https:\/\/eldiariodesanpedro.com.ar\/sitio\/presentaron-las-actividades-de-la-semana-del-bicentenario\/","title":{"rendered":"Presentaron las actividades de la Semana del Bicentenario"},"content":{"rendered":"<p><!-- VideographyWP Plugin Message: Automatic video embedding prevented by plugin options. --><br \/>\nEl lunes en el Sal\u00f3n Dorado municipal, autoridades municipales llevaron a cabo una Conferencia de Prensa con motivo de presentar los festejos por el Bicentenario de la Independencia.<br \/>\nAll\u00ed estuvieron el secretario Privado y de Prensa, Jonathan Galv\u00e1n, la directora de Cultura, Mar\u00eda Jos\u00e9 Mora, el director de Deportes, Fernando Bennazar, la cacique Qom Clara Romero y  la coordinadora de Educaci\u00f3n municipal, Mariana Fussi.<br \/>\nA continuaci\u00f3n detallamos el cronograma:<br \/>\n6 al 9 de julio en el Sal\u00f3n Dorado del HCD. Se expondr\u00e1 Muestra fotogr\u00e1fica \u201cSan Pedro ayer y hoy\u201d del fot\u00f3grafo Claudio Camacho.<br \/>\n7 de julio en la Escuela Normal a las 10.00. Se realizar\u00e1 el Descubrimiento de placa por parte del intendente Cecilio Salazar.<br \/>\n8 de julio en el Sal\u00f3n Dorado Municipal del HCD a las 20.30: \u201cVigilia del Bicentenario\u201d &#8211; Vino de honor. Concierto en el sal\u00f3n dorado de: Enzo Buscaglia (guitarra), Valeria Sanabria (piano), Coro Guillermo Farabollini y Coro Sociedad Italiana.<br \/>\nAdem\u00e1s se podr\u00e1 recorrer el patio interno del Palacio Municipal que conecta a la municipalidad con el Museo Hist\u00f3rico Regional Fray Jos\u00e9 Mar\u00eda Bottaro, que tendr\u00e1 abierta sus puertas para quien lo quiera visitar.<br \/>\nEl d\u00eda 8 de julio, adhiriendo a la Vigilia y dando la bienvenida al Bicentenario de la Independencia a las 00.00, tocar\u00e1n las campanas de la Iglesia Nuestra Se\u00f1ora del Socorro y desde el Buque museo ARA Irigoyen har\u00e1n un toque de bocina.<br \/>\n9 de Julio en Gobernador Castro a las 10.30: Acto Protocolar y desfile.<br \/>\nEn Gdor. Castro se realizar\u00e1 la largada de la \u201cCarrera del Bicentenario\u201d. Los corredores, desde Gdor. Castro, se dirigir\u00e1n a San Pedro y en el arribo a la plazoleta Fray Cayetano Rodr\u00edguez le entregar\u00e1n el acta de la Independencia al intendente municipal. Esto dar\u00e1 comienzo al acto.<br \/>\n14.00: Acto en conmemoraci\u00f3n al Fray Cayetano Rodr\u00edguez, en la plazoleta Fray Cayetano. Desfile de escuelas encabezado por la Banda de Patricios de Obligado. Participar\u00e1 el ensamble del Conservatorio de M\u00fasica Carlos Guastavino, que ejecutar\u00e1 el Himno. Tambi\u00e9n se producir\u00e1 el descubrimiento de placas, y alumnos y profesores de la Escuela T\u00e9cnica N\u00b0 1 har\u00e1n entrega de la pluma que fue robada a la estatua de Fray Cayetano Rodr\u00edguez, para luego ser colocada. Adem\u00e1s participar\u00e1 \u201cM\u00fasica esperanza\u201d, integrado por alumnos y comunidad de Vuelta de Obligado a cargo del m\u00fasico Nico Aulet. Cerrar\u00e1n las escuelas con una danza, un gato, que ser\u00e1 bailado por los alumnos de las escuelas presentes.<br \/>\nLuego del acto, la plaza Constituci\u00f3n ser\u00e1 el lugar donde se expondr\u00e1n trabajos de todas las escuelas, realizados con profesores de art\u00edstica.<br \/>\n10 de julio: \u201cPe\u00f1a del Bicentenario\u201d. Se llevar\u00e1 a cabo a partir del mediod\u00eda en la plazoleta Fray Cayetano. Habr\u00e1 asador, comidas t\u00edpicas y feria. Pasar\u00e1n por el escenario:<br \/>\n15.00 Hnos. Krenz<br \/>\n15.30 Carlos Ben\u00edtez de Arrecifes<br \/>\n16.00 Ballet Florcita de Cedr\u00f3n<br \/>\n16.30 Claudio Mart\u00edn<br \/>\n17.15 La clave folcl\u00f3rica<br \/>\n18.00hs Fejumas, de Arrecifes, revelaci\u00f3n del p\u00fablico en el Festival de Baradero.<\/p>\n","protected":false},"excerpt":{"rendered":"<p>El lunes en el Sal\u00f3n Dorado municipal, autoridades municipales llevaron a cabo una Conferencia de Prensa con motivo de presentar los festejos por el Bicentenario de la Independencia. All\u00ed estuvieron el secretario Privado y de Prensa, Jonathan Galv\u00e1n, la directora de Cultura, Mar\u00eda Jos\u00e9 Mora, el director de Deportes, Fernando Bennazar, la cacique Qom Clara [&hellip;]<\/p>\n","protected":false},"author":4,"featured_media":5767,"comment_status":"open","ping_status":"closed","sticky":false,"template":"","format":"standard","meta":{"om_disable_all_campaigns":false,"_jetpack_memberships_contains_paid_content":false,"footnotes":""},"categories":[101,2],"tags":[],"class_list":["post-5766","post","type-post","status-publish","format-standard","has-post-thumbnail","hentry","category-interes-general-locales","category-locales"],"aioseo_notices":[],"gutentor_comment":0,"jetpack_featured_media_url":"https:\/\/eldiariodesanpedro.com.ar\/sitio\/wp-content\/uploads\/2016\/07\/PAGINA-6.jpg","jetpack_shortlink":"https:\/\/wp.me\/p6RhLt-1v0","jetpack_sharing_enabled":true,"_links":{"self":[{"href":"https:\/\/eldiariodesanpedro.com.ar\/sitio\/wp-json\/wp\/v2\/posts\/5766","targetHints":{"allow":["GET"]}}],"collection":[{"href":"https:\/\/eldiariodesanpedro.com.ar\/sitio\/wp-json\/wp\/v2\/posts"}],"about":[{"href":"https:\/\/eldiariodesanpedro.com.ar\/sitio\/wp-json\/wp\/v2\/types\/post"}],"author":[{"embeddable":true,"href":"https:\/\/eldiariodesanpedro.com.ar\/sitio\/wp-json\/wp\/v2\/users\/4"}],"replies":[{"embeddable":true,"href":"https:\/\/eldiariodesanpedro.com.ar\/sitio\/wp-json\/wp\/v2\/comments?post=5766"}],"version-history":[{"count":1,"href":"https:\/\/eldiariodesanpedro.com.ar\/sitio\/wp-json\/wp\/v2\/posts\/5766\/revisions"}],"predecessor-version":[{"id":5768,"href":"https:\/\/eldiariodesanpedro.com.ar\/sitio\/wp-json\/wp\/v2\/posts\/5766\/revisions\/5768"}],"wp:featuredmedia":[{"embeddable":true,"href":"https:\/\/eldiariodesanpedro.com.ar\/sitio\/wp-json\/wp\/v2\/media\/5767"}],"wp:attachment":[{"href":"https:\/\/eldiariodesanpedro.com.ar\/sitio\/wp-json\/wp\/v2\/media?parent=5766"}],"wp:term":[{"taxonomy":"category","embeddable":true,"href":"https:\/\/eldiariodesanpedro.com.ar\/sitio\/wp-json\/wp\/v2\/categories?post=5766"},{"taxonomy":"post_tag","embeddable":true,"href":"https:\/\/eldiariodesanpedro.com.ar\/sitio\/wp-json\/wp\/v2\/tags?post=5766"}],"curies":[{"name":"wp","href":"https:\/\/api.w.org\/{rel}","templated":true}]}}