{"id":57657,"date":"2019-08-07T09:21:53","date_gmt":"2019-08-07T12:21:53","guid":{"rendered":"https:\/\/eldiariodesanpedro.com.ar\/sitio\/?p=57657"},"modified":"2019-08-07T09:21:57","modified_gmt":"2019-08-07T12:21:57","slug":"gob-castro-otra-mujer-detenida-por-el-asesinato-a-romero","status":"publish","type":"post","link":"https:\/\/eldiariodesanpedro.com.ar\/sitio\/gob-castro-otra-mujer-detenida-por-el-asesinato-a-romero\/","title":{"rendered":"Gob. Castro: Otra mujer detenida por el asesinato a Romero"},"content":{"rendered":"<!-- VideographyWP Plugin Message: Automatic video embedding prevented by plugin options. -->\n\n<p>La fiscal Ramos ordeno la detenci\u00f3n de una nueva persona quien participo tambi\u00e9n en el hecho. Se trata de una mujer de 41 a\u00f1os de edad que se encontraba en la localidad vecina. Ya son tres los detenidos imputados por el delito \u00abhomicidio agravado por concurso premeditado de dos o m\u00e1s personas\u00bb. <\/p>\n\n\n\n<p>Luego de nuevos testimonios, la fiscal sigue re ordenando la causa. <\/p>\n\n\n\n<p>La nueva detenida habr\u00eda participado tambi\u00e9n en la escena donde fue asesinado tras una brutal golpiza Manuel \u00c1ngel Romero, acusado de abusar a una ni\u00f1a de 4 a\u00f1os.<\/p>\n\n\n\n<p>Hasta ahora seria tres las personas detenidas  y dos pr\u00f3fugas.<\/p>\n\n\n\n<p>Recordemos que la primera detenida fue Gabriela G., quien fue detenida  el mismo sabado 31 de julio,  luego de los golpes a Romero, no oponi\u00e9ndose a la acusaci\u00f3n y  haci\u00e9ndose responsable del hecho sin involucrar a las dem\u00e1s personas que participaron.<\/p>\n\n\n\n<p>Gabriela habr\u00eda denunciado el d\u00eda anterior a Romero por abusar de su hija de 4 a\u00f1os; al no recibir inmediata respuesta de la justicia, al d\u00eda siguiente lo visit\u00f3 donde viv\u00eda  con otras personas donde lo golpearon brutalmente provocandole su deseso.<\/p>\n\n\n\n<p>Unos d\u00edas despu\u00e9s, la fiscal Ramos ordena la detenci\u00f3n de 5 personas mas, la primera fue un joven de 27, Juan Gallardo en la misma localidad, imputado como participe en el hecho, quien estar\u00eda pr\u00f3fuga.<\/p>\n\n\n\n<p>La tercera imputada se tratar\u00eda de Antonia Beatriz Villalba, detenida en su domicilio de calle Sarmiendo Bis de la localidad de Gobernador Castro, este martes por la tarde.<\/p>\n\n\n\n<p>La justicia ordeno su inmediata detenci\u00f3n luego de distintos testimonios quienes la involucrar\u00edan en la escena; la mujer no estaba pr\u00f3fuga.<\/p>\n\n\n\n<p>Hay dos personas mas que se encontrarian pr\u00f3fugas, con domicilio en La Emilia y San Nicolas, pero uno de ellos identificado como Nestor Laurito se estar\u00eda por acordar una entrega con su abogado defensor.<\/p>\n\n\n\n<p>La fiscal Ramos imputa a los detenidos por el delito de \u00abhomicidio agravado por concurso premeditado de dos o m\u00e1s personas\u00bb tras la muerte de Romero donde fue atacado con palos y cuchillos. <\/p>\n","protected":false},"excerpt":{"rendered":"<p>La fiscal Ramos ordeno la detenci\u00f3n de una nueva persona quien participo tambi\u00e9n en el hecho. Se trata de una mujer de 41 a\u00f1os de edad que se encontraba en la localidad vecina. Ya son tres los detenidos imputados por el delito \u00abhomicidio agravado por concurso premeditado de dos o m\u00e1s personas\u00bb. Luego de nuevos [&hellip;]<\/p>\n","protected":false},"author":4,"featured_media":57658,"comment_status":"open","ping_status":"closed","sticky":false,"template":"","format":"standard","meta":{"om_disable_all_campaigns":false,"_jetpack_memberships_contains_paid_content":false,"footnotes":""},"categories":[50,2,103],"tags":[],"class_list":["post-57657","post","type-post","status-publish","format-standard","has-post-thumbnail","hentry","category-destacadas","category-locales","category-policiales-locales"],"aioseo_notices":[],"gutentor_comment":0,"jetpack_featured_media_url":"https:\/\/eldiariodesanpedro.com.ar\/sitio\/wp-content\/uploads\/2019\/08\/WhatsApp-Image-2019-08-07-at-9.07.12-AM.jpeg","jetpack_shortlink":"https:\/\/wp.me\/p6RhLt-eZX","jetpack_sharing_enabled":true,"_links":{"self":[{"href":"https:\/\/eldiariodesanpedro.com.ar\/sitio\/wp-json\/wp\/v2\/posts\/57657","targetHints":{"allow":["GET"]}}],"collection":[{"href":"https:\/\/eldiariodesanpedro.com.ar\/sitio\/wp-json\/wp\/v2\/posts"}],"about":[{"href":"https:\/\/eldiariodesanpedro.com.ar\/sitio\/wp-json\/wp\/v2\/types\/post"}],"author":[{"embeddable":true,"href":"https:\/\/eldiariodesanpedro.com.ar\/sitio\/wp-json\/wp\/v2\/users\/4"}],"replies":[{"embeddable":true,"href":"https:\/\/eldiariodesanpedro.com.ar\/sitio\/wp-json\/wp\/v2\/comments?post=57657"}],"version-history":[{"count":1,"href":"https:\/\/eldiariodesanpedro.com.ar\/sitio\/wp-json\/wp\/v2\/posts\/57657\/revisions"}],"predecessor-version":[{"id":57659,"href":"https:\/\/eldiariodesanpedro.com.ar\/sitio\/wp-json\/wp\/v2\/posts\/57657\/revisions\/57659"}],"wp:featuredmedia":[{"embeddable":true,"href":"https:\/\/eldiariodesanpedro.com.ar\/sitio\/wp-json\/wp\/v2\/media\/57658"}],"wp:attachment":[{"href":"https:\/\/eldiariodesanpedro.com.ar\/sitio\/wp-json\/wp\/v2\/media?parent=57657"}],"wp:term":[{"taxonomy":"category","embeddable":true,"href":"https:\/\/eldiariodesanpedro.com.ar\/sitio\/wp-json\/wp\/v2\/categories?post=57657"},{"taxonomy":"post_tag","embeddable":true,"href":"https:\/\/eldiariodesanpedro.com.ar\/sitio\/wp-json\/wp\/v2\/tags?post=57657"}],"curies":[{"name":"wp","href":"https:\/\/api.w.org\/{rel}","templated":true}]}}