{"id":5763,"date":"2016-07-04T19:19:34","date_gmt":"2016-07-04T22:19:34","guid":{"rendered":"https:\/\/eldiariodesanpedro.com.ar\/sitio\/?p=5763"},"modified":"2016-07-04T19:19:34","modified_gmt":"2016-07-04T22:19:34","slug":"cristina-kirchner-aseguro-que-farallon-tiene-vinculos-con-las-empresas-de-nicolas-caputo-amigo-de-macri","status":"publish","type":"post","link":"https:\/\/eldiariodesanpedro.com.ar\/sitio\/cristina-kirchner-aseguro-que-farallon-tiene-vinculos-con-las-empresas-de-nicolas-caputo-amigo-de-macri\/","title":{"rendered":"Cristina Kirchner asegur\u00f3 que Farall\u00f3n tiene v\u00ednculos con las empresas de Nicol\u00e1s Caputo, amigo de Macri"},"content":{"rendered":"<p><!-- VideographyWP Plugin Message: Automatic video embedding prevented by plugin options. --><br \/>\nLa exmandataria reapareci\u00f3 el domingo por la noche en una entrevista telef\u00f3nica realizada al programa Econom\u00eda Pol\u00edtica que se emite por C5N. All\u00ed, el periodista Roberto Navarro le pregunt\u00f3 por Jos\u00e9 L\u00f3pez. \u201cLo compar\u00e9 con una patada en el est\u00f3mago\u201d, dijo la presidenta y seguidamente propuso que la Justicia haga una auditor\u00eda de corte.<br \/>\nY luego afirm\u00f3: \u201cHoy le\u00ed tambi\u00e9n que la casa en la que el exsecretario ten\u00eda el dinero pertenec\u00eda a una empresa, Farall\u00f3n creo, no la conozco, me suena pero no la conozco, en donde dec\u00edan que hab\u00edan hecho emprendimientos de PROCREAR en San Nicol\u00e1s y en Tigre\u201d y \u201cte comento que el PROCREAR no estaba bajo la \u00f3rbita de la Secretar\u00eda de Obras P\u00fablicas. Era ANSES y un representante del Ministerio de Planificaci\u00f3n y otro del Ministerio de Econom\u00eda que participaban en lo que eran las obras\u201d. \u201cPero tambi\u00e9n s\u00e9 que esa empresa hab\u00eda formado de una UTE junto con Nicol\u00e1s Caputo en el emblem\u00e1tico Museo de las Malvinas\u201d, carg\u00f3 pesadamente la dirigente pol\u00edtica.<br \/>\nEn tanto, afirm\u00f3 que es importante que se pueda constatar \u201cqu\u00e9 pas\u00f3, porque si no esto es se\u00f1alar a Juan, Pedro, Jos\u00e9. Pero me parece que lo que hay que hacer es una auditor\u00eda, que me parece que no es lo que se puede hacer, sino lo que se debe hacer para establecer si hubo sobreprecios en la obra p\u00fablica\u00bb.<br \/>\nLo cierto es que la presidenta se refer\u00eda a una publicaci\u00f3n realizada por el diario La Naci\u00f3n la semana pasada, donde dieron a conocer que la due\u00f1a del enorme chalet de Tigre que habitaba Jos\u00e9 L\u00f3pez se trata de la constructora en cuesti\u00f3n.<br \/>\nSeg\u00fan afirm\u00f3 el medio nacional, de acuerdo a datos del Registro de la Propiedad de la provincia de Buenos Aires, el imponente caser\u00f3n con salida exclusiva al r\u00edo Luj\u00e1n, que L\u00f3pez utilizaba sobre todo los fines de semana, pertenec\u00eda a Eduardo Ram\u00f3n Guti\u00e9rrez, el due\u00f1o del Grupo Farall\u00f3n.<br \/>\nGuti\u00e9rrez adquiri\u00f3 el chalet en mayo de 2010. Se lo compr\u00f3 a otro personaje clave en la oscura trama de la obra p\u00fablica: Andr\u00e9s Galera, el hombre se\u00f1alado como el presunto \u00abvalijero\u00bb de L\u00f3pez en las sombras y el operador que trataba con los empresarios para digitar licitaciones y percibir supuestos \u00abvueltos\u00bb o sobornos.<br \/>\nEn di\u00e1logo con el peri\u00f3dico digital, Guti\u00e9rrez reconoci\u00f3 que Galera le \u00abofreci\u00f3\u00bb el terreno y que luego \u00e9l se lo \u00abalquil\u00f3\u00bb a L\u00f3pez. Explic\u00f3 que existe un contrato de alquiler, que fue presentado ayer a la Justicia, y que los giros de L\u00f3pez por la renta del chalet est\u00e1n debidamente declarados ante la AFIP y con registros en su cuenta bancaria.<br \/>\n\u00abEn 2010 Galera se acerc\u00f3 a nuestras oficinas y me dijo: &#8216;Tengo este terreno, \u00bfte interesa?&#8217;. Yo le dije que s\u00ed, compramos el terreno y construimos la casa, dado que la construcci\u00f3n es mi actividad principal. Luego se la alquil\u00e9 a L\u00f3pez, con un contrato que tiene todos los sellos y con pagos que est\u00e1n acreditados en mi cuenta bancaria. Todo en blanco y debidamente declarado ante la AFIP\u00bb, dijo Guti\u00e9rrez.<br \/>\nConsultado acerca de si ten\u00eda relaci\u00f3n previa con L\u00f3pez, dijo: \u00abLo conoc\u00eda, no voy a decir que no lo conoc\u00eda, por mi actividad\u00bb. Y sobre el nexo con Galera, a pesar de la cita para el ofrecimiento del terreno, asegur\u00f3: \u00abNunca me reun\u00ed para hacer operaciones ni gestiones oscuras\u00bb.<br \/>\nEl Grupo Farall\u00f3n es una empresa reconocida en el mercado, que hizo trabajos para gobiernos locales, provinciales y nacionales. Con oficinas en Pilar, tiene un certificado de capacidad de ejecuci\u00f3n de obra p\u00fablica por $2.300 millones anuales. Construy\u00f3, por ejemplo, cientos de viviendas del plan PROCREAR, fundado por Cristina Kirchner, en Tigre y San Nicol\u00e1s y se hizo cargo de la pavimentaci\u00f3n de la ruta provincial 41. Todos proyectos que estuvieron bajo la \u00f3rbita de L\u00f3pez.<br \/>\nTambi\u00e9n realiz\u00f3 el ic\u00f3nico Museo de las Islas Malvinas, emplazado en el predio de la ex ESMA, que fue inaugurado por la expresidenta en 2014. \u00abHoy, contra mi costumbre, voy a omitir los miles de metros cuadrados, o las cifras que cost\u00f3 esta construcci\u00f3n, porque esos son detalles\u00bb, dijo Cristina Kirchner en aquel corte de cinta. Lo cierto es que para esa obra, Grupo Farall\u00f3n, de Guti\u00e9rrez, trabaj\u00f3 en una uni\u00f3n transitoria de empresas con SES SA, una firma que pertenec\u00eda al empresario Nicol\u00e1s Caputo, amigo de Mauricio Macri. El dato hab\u00eda llamado la atenci\u00f3n en la previa a la campa\u00f1a electoral.<\/p>\n","protected":false},"excerpt":{"rendered":"<p>La exmandataria reapareci\u00f3 el domingo por la noche en una entrevista telef\u00f3nica realizada al programa Econom\u00eda Pol\u00edtica que se emite por C5N. All\u00ed, el periodista Roberto Navarro le pregunt\u00f3 por Jos\u00e9 L\u00f3pez. \u201cLo compar\u00e9 con una patada en el est\u00f3mago\u201d, dijo la presidenta y seguidamente propuso que la Justicia haga una auditor\u00eda de corte. Y [&hellip;]<\/p>\n","protected":false},"author":4,"featured_media":5764,"comment_status":"open","ping_status":"closed","sticky":false,"template":"","format":"standard","meta":{"om_disable_all_campaigns":false,"_jetpack_memberships_contains_paid_content":false,"footnotes":""},"categories":[50,2,102],"tags":[],"class_list":["post-5763","post","type-post","status-publish","format-standard","has-post-thumbnail","hentry","category-destacadas","category-locales","category-politica-locales"],"aioseo_notices":[],"gutentor_comment":0,"jetpack_featured_media_url":"https:\/\/eldiariodesanpedro.com.ar\/sitio\/wp-content\/uploads\/2016\/07\/PAGINA-3-1.jpg","jetpack_shortlink":"https:\/\/wp.me\/p6RhLt-1uX","jetpack_sharing_enabled":true,"_links":{"self":[{"href":"https:\/\/eldiariodesanpedro.com.ar\/sitio\/wp-json\/wp\/v2\/posts\/5763","targetHints":{"allow":["GET"]}}],"collection":[{"href":"https:\/\/eldiariodesanpedro.com.ar\/sitio\/wp-json\/wp\/v2\/posts"}],"about":[{"href":"https:\/\/eldiariodesanpedro.com.ar\/sitio\/wp-json\/wp\/v2\/types\/post"}],"author":[{"embeddable":true,"href":"https:\/\/eldiariodesanpedro.com.ar\/sitio\/wp-json\/wp\/v2\/users\/4"}],"replies":[{"embeddable":true,"href":"https:\/\/eldiariodesanpedro.com.ar\/sitio\/wp-json\/wp\/v2\/comments?post=5763"}],"version-history":[{"count":1,"href":"https:\/\/eldiariodesanpedro.com.ar\/sitio\/wp-json\/wp\/v2\/posts\/5763\/revisions"}],"predecessor-version":[{"id":5765,"href":"https:\/\/eldiariodesanpedro.com.ar\/sitio\/wp-json\/wp\/v2\/posts\/5763\/revisions\/5765"}],"wp:featuredmedia":[{"embeddable":true,"href":"https:\/\/eldiariodesanpedro.com.ar\/sitio\/wp-json\/wp\/v2\/media\/5764"}],"wp:attachment":[{"href":"https:\/\/eldiariodesanpedro.com.ar\/sitio\/wp-json\/wp\/v2\/media?parent=5763"}],"wp:term":[{"taxonomy":"category","embeddable":true,"href":"https:\/\/eldiariodesanpedro.com.ar\/sitio\/wp-json\/wp\/v2\/categories?post=5763"},{"taxonomy":"post_tag","embeddable":true,"href":"https:\/\/eldiariodesanpedro.com.ar\/sitio\/wp-json\/wp\/v2\/tags?post=5763"}],"curies":[{"name":"wp","href":"https:\/\/api.w.org\/{rel}","templated":true}]}}