{"id":57617,"date":"2019-08-06T12:16:29","date_gmt":"2019-08-06T15:16:29","guid":{"rendered":"https:\/\/eldiariodesanpedro.com.ar\/sitio\/?p=57617"},"modified":"2019-08-06T19:23:59","modified_gmt":"2019-08-06T22:23:59","slug":"roban-y-golpean-a-una-mujer-en-una-distribuidora","status":"publish","type":"post","link":"https:\/\/eldiariodesanpedro.com.ar\/sitio\/roban-y-golpean-a-una-mujer-en-una-distribuidora\/","title":{"rendered":"Roban y golpean a una mujer en una distribuidora"},"content":{"rendered":"<!-- VideographyWP Plugin Message: Automatic video embedding prevented by plugin options. -->\n\n<p>En la ma\u00f1ana de este martes Se produjo el robo agravado con el uso de arma de fuego en una vivienda en el que funciona una distribuidora donde result\u00f3 herida una mujer, se llevaron dinero en efectivo y se dieron r\u00e1pidamente a la fuga.<\/p>\n\n\n\n<p>El hecho delictivo sucedi\u00f3 en una vivienda ubicada en calle Nieto de Torres al 1400, donde funciona una distribuidora de productos alimenticios.<\/p>\n\n\n\n<p>Seg\u00fan testigos una pareja de delincuentes bien vestidos (masculino y femenina) ingresaron al lugar para comprar chizitos cuando una vez en el interior, apuntan con un arma de fuego y un cuchillo con el que amenazaron y golpearon a la encargada del comercio para sustraer gran suma de dinero en efectivo.<\/p>\n\n\n\n<p>Ambos delincuentes circulaban en un autom\u00f3vil Peugeot color oscuro que fue registrado por las c\u00e1maras de seguridad de un vecino de la zona.<br> La mujer fue trasladada a una cl\u00ednica de nuestra ciudad en un autom\u00f3vil particular para constatar las lesiones.<\/p>\n\n\n\n<p>Interviene en la causa DDI, personal de comisar\u00eda con tareas investigativas y operativo cerrojo.<\/p>\n\n\n\n<p> Es el segundo hecho de car\u00e1cter en pocos d\u00edas, recordemos que una pareja tambi\u00e9n vestidos de enfermeros ingresaron a una vivienda enga\u00f1ando a los propietarios mayores de edad, quienes los golpearon y le sustrajeron m\u00e1s de 5 mil pesos en efectivos, d\u00e1ndose a la fuga.<\/p>\n\n\n\n<p>\u00bfPodr\u00eda tratarse de las mismas personas? \u00bfmismo modus operandi? queda a investigaci\u00f3n de la justicia.<\/p>\n\n\n\n<figure class=\"wp-block-image\"><img decoding=\"async\" width=\"1024\" height=\"485\" data-attachment-id=\"57622\" data-permalink=\"https:\/\/eldiariodesanpedro.com.ar\/sitio\/20190806_113144\/\" data-orig-file=\"https:\/\/eldiariodesanpedro.com.ar\/sitio\/wp-content\/uploads\/2019\/08\/20190806_113144.jpg\" data-orig-size=\"4032,1908\" data-comments-opened=\"1\" data-image-meta=\"{&quot;aperture&quot;:&quot;2.4&quot;,&quot;credit&quot;:&quot;&quot;,&quot;camera&quot;:&quot;SM-G975F&quot;,&quot;caption&quot;:&quot;&quot;,&quot;created_timestamp&quot;:&quot;1565091105&quot;,&quot;copyright&quot;:&quot;&quot;,&quot;focal_length&quot;:&quot;4.32&quot;,&quot;iso&quot;:&quot;50&quot;,&quot;shutter_speed&quot;:&quot;0.00077399380804954&quot;,&quot;title&quot;:&quot;&quot;,&quot;orientation&quot;:&quot;1&quot;}\" data-image-title=\"20190806_113144\" data-image-description=\"\" data-image-caption=\"\" data-large-file=\"https:\/\/eldiariodesanpedro.com.ar\/sitio\/wp-content\/uploads\/2019\/08\/20190806_113144-1024x485.jpg\" data-src=\"https:\/\/eldiariodesanpedro.com.ar\/sitio\/wp-content\/uploads\/2019\/08\/20190806_113144-1024x485.jpg\" alt=\"\" class=\"wp-image-57622 lazyload\" data-srcset=\"https:\/\/eldiariodesanpedro.com.ar\/sitio\/wp-content\/uploads\/2019\/08\/20190806_113144-1024x485.jpg 1024w, https:\/\/eldiariodesanpedro.com.ar\/sitio\/wp-content\/uploads\/2019\/08\/20190806_113144-300x142.jpg 300w, https:\/\/eldiariodesanpedro.com.ar\/sitio\/wp-content\/uploads\/2019\/08\/20190806_113144-768x363.jpg 768w\" data-sizes=\"(max-width: 1024px) 100vw, 1024px\" src=\"data:image\/svg+xml;base64,PHN2ZyB3aWR0aD0iMSIgaGVpZ2h0PSIxIiB4bWxucz0iaHR0cDovL3d3dy53My5vcmcvMjAwMC9zdmciPjwvc3ZnPg==\" style=\"--smush-placeholder-width: 1024px; --smush-placeholder-aspect-ratio: 1024\/485;\" \/><\/figure>\n\n\n\n<figure class=\"wp-block-image\"><img decoding=\"async\" width=\"1024\" height=\"485\" data-attachment-id=\"57620\" data-permalink=\"https:\/\/eldiariodesanpedro.com.ar\/sitio\/20190806_113956\/\" data-orig-file=\"https:\/\/eldiariodesanpedro.com.ar\/sitio\/wp-content\/uploads\/2019\/08\/20190806_113956.jpg\" data-orig-size=\"4608,2184\" data-comments-opened=\"1\" data-image-meta=\"{&quot;aperture&quot;:&quot;2.2&quot;,&quot;credit&quot;:&quot;&quot;,&quot;camera&quot;:&quot;SM-G975F&quot;,&quot;caption&quot;:&quot;&quot;,&quot;created_timestamp&quot;:&quot;1565091596&quot;,&quot;copyright&quot;:&quot;&quot;,&quot;focal_length&quot;:&quot;1.8&quot;,&quot;iso&quot;:&quot;50&quot;,&quot;shutter_speed&quot;:&quot;0.0010351966873706&quot;,&quot;title&quot;:&quot;&quot;,&quot;orientation&quot;:&quot;1&quot;}\" data-image-title=\"20190806_113956\" data-image-description=\"\" data-image-caption=\"\" data-large-file=\"https:\/\/eldiariodesanpedro.com.ar\/sitio\/wp-content\/uploads\/2019\/08\/20190806_113956-1024x485.jpg\" data-src=\"https:\/\/eldiariodesanpedro.com.ar\/sitio\/wp-content\/uploads\/2019\/08\/20190806_113956-1024x485.jpg\" alt=\"\" class=\"wp-image-57620 lazyload\" data-srcset=\"https:\/\/eldiariodesanpedro.com.ar\/sitio\/wp-content\/uploads\/2019\/08\/20190806_113956-1024x485.jpg 1024w, https:\/\/eldiariodesanpedro.com.ar\/sitio\/wp-content\/uploads\/2019\/08\/20190806_113956-300x142.jpg 300w, https:\/\/eldiariodesanpedro.com.ar\/sitio\/wp-content\/uploads\/2019\/08\/20190806_113956-768x364.jpg 768w\" data-sizes=\"(max-width: 1024px) 100vw, 1024px\" src=\"data:image\/svg+xml;base64,PHN2ZyB3aWR0aD0iMSIgaGVpZ2h0PSIxIiB4bWxucz0iaHR0cDovL3d3dy53My5vcmcvMjAwMC9zdmciPjwvc3ZnPg==\" style=\"--smush-placeholder-width: 1024px; --smush-placeholder-aspect-ratio: 1024\/485;\" \/><\/figure>\n","protected":false},"excerpt":{"rendered":"<p>En la ma\u00f1ana de este martes Se produjo el robo agravado con el uso de arma de fuego en una vivienda en el que funciona una distribuidora donde result\u00f3 herida una mujer, se llevaron dinero en efectivo y se dieron r\u00e1pidamente a la fuga. El hecho delictivo sucedi\u00f3 en una vivienda ubicada en calle Nieto [&hellip;]<\/p>\n","protected":false},"author":4,"featured_media":57619,"comment_status":"open","ping_status":"closed","sticky":false,"template":"","format":"standard","meta":{"om_disable_all_campaigns":false,"_jetpack_memberships_contains_paid_content":false,"footnotes":""},"categories":[50,2,103],"tags":[],"class_list":["post-57617","post","type-post","status-publish","format-standard","has-post-thumbnail","hentry","category-destacadas","category-locales","category-policiales-locales"],"aioseo_notices":[],"gutentor_comment":0,"jetpack_featured_media_url":"https:\/\/eldiariodesanpedro.com.ar\/sitio\/wp-content\/uploads\/2019\/08\/20190806_113959.jpg","jetpack_shortlink":"https:\/\/wp.me\/p6RhLt-eZj","jetpack_sharing_enabled":true,"_links":{"self":[{"href":"https:\/\/eldiariodesanpedro.com.ar\/sitio\/wp-json\/wp\/v2\/posts\/57617","targetHints":{"allow":["GET"]}}],"collection":[{"href":"https:\/\/eldiariodesanpedro.com.ar\/sitio\/wp-json\/wp\/v2\/posts"}],"about":[{"href":"https:\/\/eldiariodesanpedro.com.ar\/sitio\/wp-json\/wp\/v2\/types\/post"}],"author":[{"embeddable":true,"href":"https:\/\/eldiariodesanpedro.com.ar\/sitio\/wp-json\/wp\/v2\/users\/4"}],"replies":[{"embeddable":true,"href":"https:\/\/eldiariodesanpedro.com.ar\/sitio\/wp-json\/wp\/v2\/comments?post=57617"}],"version-history":[{"count":2,"href":"https:\/\/eldiariodesanpedro.com.ar\/sitio\/wp-json\/wp\/v2\/posts\/57617\/revisions"}],"predecessor-version":[{"id":57653,"href":"https:\/\/eldiariodesanpedro.com.ar\/sitio\/wp-json\/wp\/v2\/posts\/57617\/revisions\/57653"}],"wp:featuredmedia":[{"embeddable":true,"href":"https:\/\/eldiariodesanpedro.com.ar\/sitio\/wp-json\/wp\/v2\/media\/57619"}],"wp:attachment":[{"href":"https:\/\/eldiariodesanpedro.com.ar\/sitio\/wp-json\/wp\/v2\/media?parent=57617"}],"wp:term":[{"taxonomy":"category","embeddable":true,"href":"https:\/\/eldiariodesanpedro.com.ar\/sitio\/wp-json\/wp\/v2\/categories?post=57617"},{"taxonomy":"post_tag","embeddable":true,"href":"https:\/\/eldiariodesanpedro.com.ar\/sitio\/wp-json\/wp\/v2\/tags?post=57617"}],"curies":[{"name":"wp","href":"https:\/\/api.w.org\/{rel}","templated":true}]}}