{"id":57607,"date":"2019-08-06T11:03:47","date_gmt":"2019-08-06T14:03:47","guid":{"rendered":"https:\/\/eldiariodesanpedro.com.ar\/sitio\/?p=57607"},"modified":"2019-08-06T11:03:52","modified_gmt":"2019-08-06T14:03:52","slug":"se-secuestro-una-motocicleta-con-falta-de-documentacion","status":"publish","type":"post","link":"https:\/\/eldiariodesanpedro.com.ar\/sitio\/se-secuestro-una-motocicleta-con-falta-de-documentacion\/","title":{"rendered":"Se secuestro una motocicleta con falta de documentaci\u00f3n"},"content":{"rendered":"<!-- VideographyWP Plugin Message: Automatic video embedding prevented by plugin options. -->\n\n<p>Personal de comisaria San Pedro, tras el marco operativo motochorro secuestro una motocicleta Mondial Dax, 70 cc por falta de documentaci\u00f3n.<\/p>\n\n\n\n<p>El secuestro por infracci\u00f3n a la Ley 24.449 sucedi\u00f3 en la localidad vecina de Santa Lucia, sobre calle O Farrel cuando es interceptado por los efectivos en conjunto con inspecci\u00f3n, un ciudadano de 22 a\u00f1os de edad.<\/p>\n\n\n\n<p>El joven circulaba en una motocicleta sin papeletas. Intervino Juzgado de Faltas.<br><\/p>\n","protected":false},"excerpt":{"rendered":"<p>Personal de comisaria San Pedro, tras el marco operativo motochorro secuestro una motocicleta Mondial Dax, 70 cc por falta de documentaci\u00f3n. El secuestro por infracci\u00f3n a la Ley 24.449 sucedi\u00f3 en la localidad vecina de Santa Lucia, sobre calle O Farrel cuando es interceptado por los efectivos en conjunto con inspecci\u00f3n, un ciudadano de 22 [&hellip;]<\/p>\n","protected":false},"author":4,"featured_media":56528,"comment_status":"open","ping_status":"closed","sticky":false,"template":"","format":"standard","meta":{"om_disable_all_campaigns":false,"_jetpack_memberships_contains_paid_content":false,"footnotes":""},"categories":[2,103],"tags":[],"class_list":["post-57607","post","type-post","status-publish","format-standard","has-post-thumbnail","hentry","category-locales","category-policiales-locales"],"aioseo_notices":[],"gutentor_comment":0,"jetpack_featured_media_url":"https:\/\/eldiariodesanpedro.com.ar\/sitio\/wp-content\/uploads\/2019\/07\/patrulla66-1024x680.jpg","jetpack_shortlink":"https:\/\/wp.me\/p6RhLt-eZ9","jetpack_sharing_enabled":true,"_links":{"self":[{"href":"https:\/\/eldiariodesanpedro.com.ar\/sitio\/wp-json\/wp\/v2\/posts\/57607","targetHints":{"allow":["GET"]}}],"collection":[{"href":"https:\/\/eldiariodesanpedro.com.ar\/sitio\/wp-json\/wp\/v2\/posts"}],"about":[{"href":"https:\/\/eldiariodesanpedro.com.ar\/sitio\/wp-json\/wp\/v2\/types\/post"}],"author":[{"embeddable":true,"href":"https:\/\/eldiariodesanpedro.com.ar\/sitio\/wp-json\/wp\/v2\/users\/4"}],"replies":[{"embeddable":true,"href":"https:\/\/eldiariodesanpedro.com.ar\/sitio\/wp-json\/wp\/v2\/comments?post=57607"}],"version-history":[{"count":1,"href":"https:\/\/eldiariodesanpedro.com.ar\/sitio\/wp-json\/wp\/v2\/posts\/57607\/revisions"}],"predecessor-version":[{"id":57608,"href":"https:\/\/eldiariodesanpedro.com.ar\/sitio\/wp-json\/wp\/v2\/posts\/57607\/revisions\/57608"}],"wp:featuredmedia":[{"embeddable":true,"href":"https:\/\/eldiariodesanpedro.com.ar\/sitio\/wp-json\/wp\/v2\/media\/56528"}],"wp:attachment":[{"href":"https:\/\/eldiariodesanpedro.com.ar\/sitio\/wp-json\/wp\/v2\/media?parent=57607"}],"wp:term":[{"taxonomy":"category","embeddable":true,"href":"https:\/\/eldiariodesanpedro.com.ar\/sitio\/wp-json\/wp\/v2\/categories?post=57607"},{"taxonomy":"post_tag","embeddable":true,"href":"https:\/\/eldiariodesanpedro.com.ar\/sitio\/wp-json\/wp\/v2\/tags?post=57607"}],"curies":[{"name":"wp","href":"https:\/\/api.w.org\/{rel}","templated":true}]}}