{"id":57600,"date":"2019-08-06T10:38:39","date_gmt":"2019-08-06T13:38:39","guid":{"rendered":"https:\/\/eldiariodesanpedro.com.ar\/sitio\/?p=57600"},"modified":"2019-08-06T10:38:44","modified_gmt":"2019-08-06T13:38:44","slug":"se-recupero-una-moto-con-pedido-de-secuestro-2","status":"publish","type":"post","link":"https:\/\/eldiariodesanpedro.com.ar\/sitio\/se-recupero-una-moto-con-pedido-de-secuestro-2\/","title":{"rendered":"Se recupero una moto con pedido de secuestro"},"content":{"rendered":"<!-- VideographyWP Plugin Message: Automatic video embedding prevented by plugin options. -->\n\n<p>En el marco de distintos operativos discontinuos, personal de comisaria procedi\u00f3 al secuestro de una motocicleta y a la aprehensi\u00f3n de un menor de edad, quien la circulaba.<\/p>\n\n\n\n<p>El hecho se produjo en intersecci\u00f3n de las calles San Mart\u00edn y Crucero Gral. Belgrano, cuando es interceptado por los efectivos un menor de 17 a\u00f1os y trasladado para su identificaci\u00f3n a la sede judicial.<\/p>\n\n\n\n<p>El mismo circulaba en una motocicleta la cual presenta pedido de secuestro activo con fecha del 10 de octubre del a\u00f1o 2015 a requerimiento de la Fiscalia N\u00ba3 de San Nicolas.<\/p>\n\n\n\n<p>El menor queda en libertad tras comunicado con la Ufi del Joven quien dispone delito por encubrimiento.<br><\/p>\n","protected":false},"excerpt":{"rendered":"<p>En el marco de distintos operativos discontinuos, personal de comisaria procedi\u00f3 al secuestro de una motocicleta y a la aprehensi\u00f3n de un menor de edad, quien la circulaba. El hecho se produjo en intersecci\u00f3n de las calles San Mart\u00edn y Crucero Gral. Belgrano, cuando es interceptado por los efectivos un menor de 17 a\u00f1os y [&hellip;]<\/p>\n","protected":false},"author":4,"featured_media":57601,"comment_status":"open","ping_status":"closed","sticky":false,"template":"","format":"standard","meta":{"om_disable_all_campaigns":false,"_jetpack_memberships_contains_paid_content":false,"footnotes":""},"categories":[2,103],"tags":[],"class_list":["post-57600","post","type-post","status-publish","format-standard","has-post-thumbnail","hentry","category-locales","category-policiales-locales"],"aioseo_notices":[],"gutentor_comment":0,"jetpack_featured_media_url":"https:\/\/eldiariodesanpedro.com.ar\/sitio\/wp-content\/uploads\/2019\/08\/WhatsApp-Image-2019-08-06-at-10.03.34-AM.jpeg","jetpack_shortlink":"https:\/\/wp.me\/p6RhLt-eZ2","jetpack_sharing_enabled":true,"_links":{"self":[{"href":"https:\/\/eldiariodesanpedro.com.ar\/sitio\/wp-json\/wp\/v2\/posts\/57600","targetHints":{"allow":["GET"]}}],"collection":[{"href":"https:\/\/eldiariodesanpedro.com.ar\/sitio\/wp-json\/wp\/v2\/posts"}],"about":[{"href":"https:\/\/eldiariodesanpedro.com.ar\/sitio\/wp-json\/wp\/v2\/types\/post"}],"author":[{"embeddable":true,"href":"https:\/\/eldiariodesanpedro.com.ar\/sitio\/wp-json\/wp\/v2\/users\/4"}],"replies":[{"embeddable":true,"href":"https:\/\/eldiariodesanpedro.com.ar\/sitio\/wp-json\/wp\/v2\/comments?post=57600"}],"version-history":[{"count":1,"href":"https:\/\/eldiariodesanpedro.com.ar\/sitio\/wp-json\/wp\/v2\/posts\/57600\/revisions"}],"predecessor-version":[{"id":57602,"href":"https:\/\/eldiariodesanpedro.com.ar\/sitio\/wp-json\/wp\/v2\/posts\/57600\/revisions\/57602"}],"wp:featuredmedia":[{"embeddable":true,"href":"https:\/\/eldiariodesanpedro.com.ar\/sitio\/wp-json\/wp\/v2\/media\/57601"}],"wp:attachment":[{"href":"https:\/\/eldiariodesanpedro.com.ar\/sitio\/wp-json\/wp\/v2\/media?parent=57600"}],"wp:term":[{"taxonomy":"category","embeddable":true,"href":"https:\/\/eldiariodesanpedro.com.ar\/sitio\/wp-json\/wp\/v2\/categories?post=57600"},{"taxonomy":"post_tag","embeddable":true,"href":"https:\/\/eldiariodesanpedro.com.ar\/sitio\/wp-json\/wp\/v2\/tags?post=57600"}],"curies":[{"name":"wp","href":"https:\/\/api.w.org\/{rel}","templated":true}]}}