{"id":57598,"date":"2019-08-06T10:30:38","date_gmt":"2019-08-06T13:30:38","guid":{"rendered":"https:\/\/eldiariodesanpedro.com.ar\/sitio\/?p=57598"},"modified":"2019-08-06T11:07:21","modified_gmt":"2019-08-06T14:07:21","slug":"aprehendidos-por-tenencia-de-estupefacientes-y-poseer-pedido-de-captura-activa","status":"publish","type":"post","link":"https:\/\/eldiariodesanpedro.com.ar\/sitio\/aprehendidos-por-tenencia-de-estupefacientes-y-poseer-pedido-de-captura-activa\/","title":{"rendered":"Aprehendidos por tenencia de estupefacientes y poseer pedido de captura activa"},"content":{"rendered":"<!-- VideographyWP Plugin Message: Automatic video embedding prevented by plugin options. -->\n\n<p>En el marco de operativos de saturacion como vienen realizando d\u00eda tras d\u00eda, personal policial de comisaria procedi\u00f3 a la aprehensi\u00f3n de dos j\u00f3venes por infracci\u00f3n a la Ley 23.737 y por registrar pedido de captura activa.<\/p>\n\n\n\n<p>Sucedi\u00f3 en inmediaci\u00f3n de las calle Uruguay entre San Mart\u00edn y Olivera Cesar, all\u00ed son interceptados dos masculinos de 18 y 23 a\u00f1os de edad para su identificaci\u00f3n en el sistema inform\u00e1tico policial.<\/p>\n\n\n\n<p>El sujeto de 23 pose\u00eda entre sus ropas un envoltorio de marihuana y el de 18 registraba pedido de captura activa requerido por UFI. Nro.11 San Pedro, depto. Judicial San Nicol\u00e1s, en actuaciones caratuladas  \u00abLesiones amenazas\u00bb.<\/p>\n\n\n\n<p>Ambos alojados en la comisaria dispuestos a disposici\u00f3n judicial, cumpliment\u00e1ndose recaudos legales y posterior libertad.<\/p>\n\n\n\n<p>Tambi\u00e9n en intersecci\u00f3n de las calles Urraco y Uruguay, proceden al traslado de masculino de 24, en virtud&nbsp;&nbsp;de su identificaci\u00f3n quien presenta pedido de paradero activo, a requerimiento del Juzgado en lo Correccional  N1, depto. Judicial San Nicol\u00e1s, en actuaciones caratuladas como robo encubrimiento, con fecha de alta el 27 de diciembre 2018. <\/p>\n\n\n\n<p>Comunicado con el Juzgado en turno, dispone comparendo primera audiencia a dicho Juzgado, fines regularizar situaci\u00f3n procesal.-<\/p>\n\n\n\n<p>Por ultimo en intersecci\u00f3n de las calles Mateo Sbert y Lavalle, proceden al traslado de masculino de 25, por  presentar pedido de paradero activo, a requerimiento del Tribunal Criminal  N1 Dpto. Judicial San Nicol\u00e1s, en actuaciones caratuladas \u00abRobo agravado de veh\u00edculo\u00bb, con fecha de alta el  13 de junio de 2019.<\/p>\n\n\n\n<p>Comunicado Tribunal solicitante dispone comparendo primera audiencia a sede Tribunal Criminal 1 San Nicol\u00e1s, fines regularizar situaci\u00f3n procesal.<br><br><\/p>\n\n\n\n<ul class=\"wp-block-gallery columns-2 is-cropped wp-block-gallery-1 is-layout-flex wp-block-gallery-is-layout-flex\"><li class=\"blocks-gallery-item\"><figure><img decoding=\"async\" width=\"768\" height=\"1024\" data-attachment-id=\"57569\" data-permalink=\"https:\/\/eldiariodesanpedro.com.ar\/sitio\/le-robaron-un-vehiculo-al-pichi-iglesias-pero-fue-recuperado-tras-rapido-accionar-policial\/whatsapp-image-2019-08-06-at-9-50-48-am\/\" data-orig-file=\"https:\/\/eldiariodesanpedro.com.ar\/sitio\/wp-content\/uploads\/2019\/08\/WhatsApp-Image-2019-08-06-at-9.50.48-AM.jpeg\" data-orig-size=\"960,1280\" data-comments-opened=\"1\" data-image-meta=\"{&quot;aperture&quot;:&quot;0&quot;,&quot;credit&quot;:&quot;&quot;,&quot;camera&quot;:&quot;&quot;,&quot;caption&quot;:&quot;&quot;,&quot;created_timestamp&quot;:&quot;0&quot;,&quot;copyright&quot;:&quot;&quot;,&quot;focal_length&quot;:&quot;0&quot;,&quot;iso&quot;:&quot;0&quot;,&quot;shutter_speed&quot;:&quot;0&quot;,&quot;title&quot;:&quot;&quot;,&quot;orientation&quot;:&quot;0&quot;}\" data-image-title=\"WhatsApp Image 2019-08-06 at 9.50.48 AM\" data-image-description=\"\" data-image-caption=\"\" data-large-file=\"https:\/\/eldiariodesanpedro.com.ar\/sitio\/wp-content\/uploads\/2019\/08\/WhatsApp-Image-2019-08-06-at-9.50.48-AM-768x1024.jpeg\" data-src=\"https:\/\/eldiariodesanpedro.com.ar\/sitio\/wp-content\/uploads\/2019\/08\/WhatsApp-Image-2019-08-06-at-9.50.48-AM-768x1024.jpeg\" alt=\"\" data-id=\"57569\" data-link=\"https:\/\/eldiariodesanpedro.com.ar\/sitio\/le-robaron-un-vehiculo-al-pichi-iglesias-pero-fue-recuperado-tras-rapido-accionar-policial\/whatsapp-image-2019-08-06-at-9-50-48-am\/\" class=\"wp-image-57569 lazyload\" data-srcset=\"https:\/\/eldiariodesanpedro.com.ar\/sitio\/wp-content\/uploads\/2019\/08\/WhatsApp-Image-2019-08-06-at-9.50.48-AM-768x1024.jpeg 768w, https:\/\/eldiariodesanpedro.com.ar\/sitio\/wp-content\/uploads\/2019\/08\/WhatsApp-Image-2019-08-06-at-9.50.48-AM-225x300.jpeg 225w, https:\/\/eldiariodesanpedro.com.ar\/sitio\/wp-content\/uploads\/2019\/08\/WhatsApp-Image-2019-08-06-at-9.50.48-AM.jpeg 960w\" data-sizes=\"(max-width: 768px) 100vw, 768px\" src=\"data:image\/svg+xml;base64,PHN2ZyB3aWR0aD0iMSIgaGVpZ2h0PSIxIiB4bWxucz0iaHR0cDovL3d3dy53My5vcmcvMjAwMC9zdmciPjwvc3ZnPg==\" style=\"--smush-placeholder-width: 768px; --smush-placeholder-aspect-ratio: 768\/1024;\" \/><\/figure><\/li><li class=\"blocks-gallery-item\"><figure><img decoding=\"async\" width=\"1024\" height=\"576\" data-attachment-id=\"57568\" data-permalink=\"https:\/\/eldiariodesanpedro.com.ar\/sitio\/le-robaron-un-vehiculo-al-pichi-iglesias-pero-fue-recuperado-tras-rapido-accionar-policial\/whatsapp-image-2019-08-06-at-9-50-47-am\/\" data-orig-file=\"https:\/\/eldiariodesanpedro.com.ar\/sitio\/wp-content\/uploads\/2019\/08\/WhatsApp-Image-2019-08-06-at-9.50.47-AM.jpeg\" data-orig-size=\"1032,581\" data-comments-opened=\"1\" data-image-meta=\"{&quot;aperture&quot;:&quot;0&quot;,&quot;credit&quot;:&quot;&quot;,&quot;camera&quot;:&quot;&quot;,&quot;caption&quot;:&quot;&quot;,&quot;created_timestamp&quot;:&quot;0&quot;,&quot;copyright&quot;:&quot;&quot;,&quot;focal_length&quot;:&quot;0&quot;,&quot;iso&quot;:&quot;0&quot;,&quot;shutter_speed&quot;:&quot;0&quot;,&quot;title&quot;:&quot;&quot;,&quot;orientation&quot;:&quot;0&quot;}\" data-image-title=\"WhatsApp Image 2019-08-06 at 9.50.47 AM\" data-image-description=\"\" data-image-caption=\"\" data-large-file=\"https:\/\/eldiariodesanpedro.com.ar\/sitio\/wp-content\/uploads\/2019\/08\/WhatsApp-Image-2019-08-06-at-9.50.47-AM-1024x576.jpeg\" data-src=\"https:\/\/eldiariodesanpedro.com.ar\/sitio\/wp-content\/uploads\/2019\/08\/WhatsApp-Image-2019-08-06-at-9.50.47-AM-1024x576.jpeg\" alt=\"\" data-id=\"57568\" data-link=\"https:\/\/eldiariodesanpedro.com.ar\/sitio\/le-robaron-un-vehiculo-al-pichi-iglesias-pero-fue-recuperado-tras-rapido-accionar-policial\/whatsapp-image-2019-08-06-at-9-50-47-am\/\" class=\"wp-image-57568 lazyload\" data-srcset=\"https:\/\/eldiariodesanpedro.com.ar\/sitio\/wp-content\/uploads\/2019\/08\/WhatsApp-Image-2019-08-06-at-9.50.47-AM-1024x576.jpeg 1024w, https:\/\/eldiariodesanpedro.com.ar\/sitio\/wp-content\/uploads\/2019\/08\/WhatsApp-Image-2019-08-06-at-9.50.47-AM-300x169.jpeg 300w, https:\/\/eldiariodesanpedro.com.ar\/sitio\/wp-content\/uploads\/2019\/08\/WhatsApp-Image-2019-08-06-at-9.50.47-AM-768x432.jpeg 768w, https:\/\/eldiariodesanpedro.com.ar\/sitio\/wp-content\/uploads\/2019\/08\/WhatsApp-Image-2019-08-06-at-9.50.47-AM.jpeg 1032w\" data-sizes=\"(max-width: 1024px) 100vw, 1024px\" src=\"data:image\/svg+xml;base64,PHN2ZyB3aWR0aD0iMSIgaGVpZ2h0PSIxIiB4bWxucz0iaHR0cDovL3d3dy53My5vcmcvMjAwMC9zdmciPjwvc3ZnPg==\" style=\"--smush-placeholder-width: 1024px; --smush-placeholder-aspect-ratio: 1024\/576;\" \/><\/figure><\/li><\/ul>\n\n\n\n<p><br><\/p>\n","protected":false},"excerpt":{"rendered":"<p>En el marco de operativos de saturacion como vienen realizando d\u00eda tras d\u00eda, personal policial de comisaria procedi\u00f3 a la aprehensi\u00f3n de dos j\u00f3venes por infracci\u00f3n a la Ley 23.737 y por registrar pedido de captura activa. Sucedi\u00f3 en inmediaci\u00f3n de las calle Uruguay entre San Mart\u00edn y Olivera Cesar, all\u00ed son interceptados dos masculinos [&hellip;]<\/p>\n","protected":false},"author":4,"featured_media":57569,"comment_status":"open","ping_status":"closed","sticky":false,"template":"","format":"standard","meta":{"om_disable_all_campaigns":false,"_jetpack_memberships_contains_paid_content":false,"footnotes":""},"categories":[2,103],"tags":[],"class_list":["post-57598","post","type-post","status-publish","format-standard","has-post-thumbnail","hentry","category-locales","category-policiales-locales"],"aioseo_notices":[],"gutentor_comment":0,"jetpack_featured_media_url":"https:\/\/eldiariodesanpedro.com.ar\/sitio\/wp-content\/uploads\/2019\/08\/WhatsApp-Image-2019-08-06-at-9.50.48-AM.jpeg","jetpack_shortlink":"https:\/\/wp.me\/p6RhLt-eZ0","jetpack_sharing_enabled":true,"_links":{"self":[{"href":"https:\/\/eldiariodesanpedro.com.ar\/sitio\/wp-json\/wp\/v2\/posts\/57598","targetHints":{"allow":["GET"]}}],"collection":[{"href":"https:\/\/eldiariodesanpedro.com.ar\/sitio\/wp-json\/wp\/v2\/posts"}],"about":[{"href":"https:\/\/eldiariodesanpedro.com.ar\/sitio\/wp-json\/wp\/v2\/types\/post"}],"author":[{"embeddable":true,"href":"https:\/\/eldiariodesanpedro.com.ar\/sitio\/wp-json\/wp\/v2\/users\/4"}],"replies":[{"embeddable":true,"href":"https:\/\/eldiariodesanpedro.com.ar\/sitio\/wp-json\/wp\/v2\/comments?post=57598"}],"version-history":[{"count":3,"href":"https:\/\/eldiariodesanpedro.com.ar\/sitio\/wp-json\/wp\/v2\/posts\/57598\/revisions"}],"predecessor-version":[{"id":57610,"href":"https:\/\/eldiariodesanpedro.com.ar\/sitio\/wp-json\/wp\/v2\/posts\/57598\/revisions\/57610"}],"wp:featuredmedia":[{"embeddable":true,"href":"https:\/\/eldiariodesanpedro.com.ar\/sitio\/wp-json\/wp\/v2\/media\/57569"}],"wp:attachment":[{"href":"https:\/\/eldiariodesanpedro.com.ar\/sitio\/wp-json\/wp\/v2\/media?parent=57598"}],"wp:term":[{"taxonomy":"category","embeddable":true,"href":"https:\/\/eldiariodesanpedro.com.ar\/sitio\/wp-json\/wp\/v2\/categories?post=57598"},{"taxonomy":"post_tag","embeddable":true,"href":"https:\/\/eldiariodesanpedro.com.ar\/sitio\/wp-json\/wp\/v2\/tags?post=57598"}],"curies":[{"name":"wp","href":"https:\/\/api.w.org\/{rel}","templated":true}]}}