{"id":57593,"date":"2019-08-06T10:20:40","date_gmt":"2019-08-06T13:20:40","guid":{"rendered":"https:\/\/eldiariodesanpedro.com.ar\/sitio\/?p=57593"},"modified":"2019-08-06T10:20:45","modified_gmt":"2019-08-06T13:20:45","slug":"zarate-se-multiplican-los-ataques-de-los-delincuentes-tirapiedras-en-la-ruta-n-6","status":"publish","type":"post","link":"https:\/\/eldiariodesanpedro.com.ar\/sitio\/zarate-se-multiplican-los-ataques-de-los-delincuentes-tirapiedras-en-la-ruta-n-6\/","title":{"rendered":"Z\u00c1RATE | Se multiplican los ataques de los delincuentes \u201ctirapiedras\u201d en la ruta N\u00b0 6"},"content":{"rendered":"<!-- VideographyWP Plugin Message: Automatic video embedding prevented by plugin options. -->\n\n<p>La inseguridad en Z\u00e1rate sigue siendo un tema preocupante y no solamente en los barrios, tambi\u00e9n en las rutas que la rodean. En este caso el centro de los ataques de los delincuentes denominados \u201ctirapiedras\u201d ocurre con m\u00e1s asiduidad en la ruta provincial N\u00b0 6 a la altura de la pasarela de la empresa Monsanto.<\/p>\n\n\n\n<p>\u201cEl s\u00e1bado fui atacada por piedras para poder robarme, logr\u00e9 escapar, pero otros autos no, la polic\u00eda no hace nada y la DPU nada\u201d coment\u00f3 con indignaci\u00f3n una mujer que conduc\u00eda su veh\u00edculo en esa zona.<\/p>\n\n\n\n<p>La modalidad de los malvivientes tiende a arrojar piedras contra veh\u00edculos con la intenci\u00f3n de que detengan su marcha y luego robar a sus ocupantes. Pero no obstante automovilistas tambi\u00e9n advirtieron que han notado adoquines en medio de la ruta donde deben realizar maniobras peligrosas para poder esquivarlos. Los controles policiales no alcanzan y los delincuentes act\u00faan con total impunidad.<\/p>\n\n\n\n<p>Fuente: Impacto Local <\/p>\n","protected":false},"excerpt":{"rendered":"<p>La inseguridad en Z\u00e1rate sigue siendo un tema preocupante y no solamente en los barrios, tambi\u00e9n en las rutas que la rodean. En este caso el centro de los ataques de los delincuentes denominados \u201ctirapiedras\u201d ocurre con m\u00e1s asiduidad en la ruta provincial N\u00b0 6 a la altura de la pasarela de la empresa Monsanto. [&hellip;]<\/p>\n","protected":false},"author":4,"featured_media":57596,"comment_status":"open","ping_status":"closed","sticky":false,"template":"","format":"standard","meta":{"om_disable_all_campaigns":false,"_jetpack_memberships_contains_paid_content":false,"footnotes":""},"categories":[621],"tags":[],"class_list":["post-57593","post","type-post","status-publish","format-standard","has-post-thumbnail","hentry","category-regionales"],"aioseo_notices":[],"gutentor_comment":0,"jetpack_featured_media_url":"https:\/\/eldiariodesanpedro.com.ar\/sitio\/wp-content\/uploads\/2019\/08\/ruta-6-pasarella_640x450.jpg","jetpack_shortlink":"https:\/\/wp.me\/p6RhLt-eYV","jetpack_sharing_enabled":true,"_links":{"self":[{"href":"https:\/\/eldiariodesanpedro.com.ar\/sitio\/wp-json\/wp\/v2\/posts\/57593","targetHints":{"allow":["GET"]}}],"collection":[{"href":"https:\/\/eldiariodesanpedro.com.ar\/sitio\/wp-json\/wp\/v2\/posts"}],"about":[{"href":"https:\/\/eldiariodesanpedro.com.ar\/sitio\/wp-json\/wp\/v2\/types\/post"}],"author":[{"embeddable":true,"href":"https:\/\/eldiariodesanpedro.com.ar\/sitio\/wp-json\/wp\/v2\/users\/4"}],"replies":[{"embeddable":true,"href":"https:\/\/eldiariodesanpedro.com.ar\/sitio\/wp-json\/wp\/v2\/comments?post=57593"}],"version-history":[{"count":1,"href":"https:\/\/eldiariodesanpedro.com.ar\/sitio\/wp-json\/wp\/v2\/posts\/57593\/revisions"}],"predecessor-version":[{"id":57597,"href":"https:\/\/eldiariodesanpedro.com.ar\/sitio\/wp-json\/wp\/v2\/posts\/57593\/revisions\/57597"}],"wp:featuredmedia":[{"embeddable":true,"href":"https:\/\/eldiariodesanpedro.com.ar\/sitio\/wp-json\/wp\/v2\/media\/57596"}],"wp:attachment":[{"href":"https:\/\/eldiariodesanpedro.com.ar\/sitio\/wp-json\/wp\/v2\/media?parent=57593"}],"wp:term":[{"taxonomy":"category","embeddable":true,"href":"https:\/\/eldiariodesanpedro.com.ar\/sitio\/wp-json\/wp\/v2\/categories?post=57593"},{"taxonomy":"post_tag","embeddable":true,"href":"https:\/\/eldiariodesanpedro.com.ar\/sitio\/wp-json\/wp\/v2\/tags?post=57593"}],"curies":[{"name":"wp","href":"https:\/\/api.w.org\/{rel}","templated":true}]}}