{"id":57592,"date":"2019-08-06T10:20:04","date_gmt":"2019-08-06T13:20:04","guid":{"rendered":"https:\/\/eldiariodesanpedro.com.ar\/sitio\/?p=57592"},"modified":"2019-08-06T10:20:08","modified_gmt":"2019-08-06T13:20:08","slug":"denuncias-por-violencia-y-amenazas-de-muerte-en-la-comisaria-local","status":"publish","type":"post","link":"https:\/\/eldiariodesanpedro.com.ar\/sitio\/denuncias-por-violencia-y-amenazas-de-muerte-en-la-comisaria-local\/","title":{"rendered":"Denuncias por violencia y amenazas de muerte en la comisaria local"},"content":{"rendered":"<!-- VideographyWP Plugin Message: Automatic video embedding prevented by plugin options. -->\n\n<p>Varios hechos fueron denunciados durante este lunes en la dependencia, no hubo detenidos pero si una persona herida con una piedra pero la misma no quiso ser asistida por el medico de guardia.<\/p>\n\n\n\n<p>Primeramente un masculino de 53 a\u00f1os de edad cuenta que se encontraba manteniendo una conversaci\u00f3n con otro masculino en intersecci\u00f3n de las calles Salta y Arnaldo, cuando se molesto por un pedido en particular y comenz\u00f3 a increparlo amenazandolo de muerte.<\/p>\n\n\n\n<p>Luego una  femenina de 37,  encontr\u00e1ndose en su vivienda de calle Molina al fondo s\/n, que desde el d\u00eda anterior  vecino que vive lindero la amenaza verbalmente y le arroja piedras a su domicilio.<\/p>\n\n\n\n<p>Desde la misma direcci\u00f3n, se recibi\u00f3 otro llamado, momento en que la femenina denunciante se hallaba en su vivienda, se presenta su  vecina lindera quien comienza amenazar a dicente y familia, arrojandole piedras a su marido, ocasion\u00e1ndole corte superficial en rostro, quien no le es de inter\u00e9s radicar denuncia, ni tampoco fue atendido medicamento.<\/p>\n\n\n\n<p>Interviene el los casos la fiscalia N\u00ba5 del Dr Manso.<\/p>\n","protected":false},"excerpt":{"rendered":"<p>Varios hechos fueron denunciados durante este lunes en la dependencia, no hubo detenidos pero si una persona herida con una piedra pero la misma no quiso ser asistida por el medico de guardia. Primeramente un masculino de 53 a\u00f1os de edad cuenta que se encontraba manteniendo una conversaci\u00f3n con otro masculino en intersecci\u00f3n de las [&hellip;]<\/p>\n","protected":false},"author":4,"featured_media":57220,"comment_status":"open","ping_status":"closed","sticky":false,"template":"","format":"standard","meta":{"om_disable_all_campaigns":false,"_jetpack_memberships_contains_paid_content":false,"footnotes":""},"categories":[2,103],"tags":[],"class_list":["post-57592","post","type-post","status-publish","format-standard","has-post-thumbnail","hentry","category-locales","category-policiales-locales"],"aioseo_notices":[],"gutentor_comment":0,"jetpack_featured_media_url":"https:\/\/eldiariodesanpedro.com.ar\/sitio\/wp-content\/uploads\/2019\/07\/comisaria-San-Pedro.jpg","jetpack_shortlink":"https:\/\/wp.me\/p6RhLt-eYU","jetpack_sharing_enabled":true,"_links":{"self":[{"href":"https:\/\/eldiariodesanpedro.com.ar\/sitio\/wp-json\/wp\/v2\/posts\/57592","targetHints":{"allow":["GET"]}}],"collection":[{"href":"https:\/\/eldiariodesanpedro.com.ar\/sitio\/wp-json\/wp\/v2\/posts"}],"about":[{"href":"https:\/\/eldiariodesanpedro.com.ar\/sitio\/wp-json\/wp\/v2\/types\/post"}],"author":[{"embeddable":true,"href":"https:\/\/eldiariodesanpedro.com.ar\/sitio\/wp-json\/wp\/v2\/users\/4"}],"replies":[{"embeddable":true,"href":"https:\/\/eldiariodesanpedro.com.ar\/sitio\/wp-json\/wp\/v2\/comments?post=57592"}],"version-history":[{"count":1,"href":"https:\/\/eldiariodesanpedro.com.ar\/sitio\/wp-json\/wp\/v2\/posts\/57592\/revisions"}],"predecessor-version":[{"id":57595,"href":"https:\/\/eldiariodesanpedro.com.ar\/sitio\/wp-json\/wp\/v2\/posts\/57592\/revisions\/57595"}],"wp:featuredmedia":[{"embeddable":true,"href":"https:\/\/eldiariodesanpedro.com.ar\/sitio\/wp-json\/wp\/v2\/media\/57220"}],"wp:attachment":[{"href":"https:\/\/eldiariodesanpedro.com.ar\/sitio\/wp-json\/wp\/v2\/media?parent=57592"}],"wp:term":[{"taxonomy":"category","embeddable":true,"href":"https:\/\/eldiariodesanpedro.com.ar\/sitio\/wp-json\/wp\/v2\/categories?post=57592"},{"taxonomy":"post_tag","embeddable":true,"href":"https:\/\/eldiariodesanpedro.com.ar\/sitio\/wp-json\/wp\/v2\/tags?post=57592"}],"curies":[{"name":"wp","href":"https:\/\/api.w.org\/{rel}","templated":true}]}}