{"id":57519,"date":"2019-08-05T09:55:41","date_gmt":"2019-08-05T12:55:41","guid":{"rendered":"https:\/\/eldiariodesanpedro.com.ar\/sitio\/?p=57519"},"modified":"2019-08-05T09:55:45","modified_gmt":"2019-08-05T12:55:45","slug":"campana-fallo-en-equipo-de-gnc-origino-el-incendio-de-un-automovil","status":"publish","type":"post","link":"https:\/\/eldiariodesanpedro.com.ar\/sitio\/campana-fallo-en-equipo-de-gnc-origino-el-incendio-de-un-automovil\/","title":{"rendered":"CAMPANA | Fallo en equipo de GNC origin\u00f3 el incendio de un autom\u00f3vil"},"content":{"rendered":"<!-- VideographyWP Plugin Message: Automatic video embedding prevented by plugin options. -->\n\n<p>\n\nUn auto sufri\u00f3 un desperfecto cuando circulaba por el barrio El Destino. El principio de incendio pudo ser sofocado gracias a la intervenci\u00f3n de una dotaci\u00f3n de Bomberos Voluntarios.<\/p>\n\n\n\n<p>Minutos antes de las once de la noche, un autom\u00f3vil comenz\u00f3 a incendiarse cuando transitaba por la calle O&#8217;higgins, entre Rivadavia y San Mart\u00edn, del barrio El Destino.<br><br>Se trata de un Volkswagen Fox, el cual era conducido por Javier Montenegro. Seg\u00fan versiones, el automovilista habr\u00eda intentado cambiar el combustible y pasar de nafta a gas, cuando una falla hizo que el rodado comenzar\u00e1 a incendiarse.<br><br>Al lugar arrib\u00f3 el m\u00f3vil 48 de bomberos, a cargo del oficial Horacio G\u00f3mez, conteniendo finalmente el siniestro.<br><br>Tambi\u00e9n se hizo presente el m\u00f3vil zona 7 del CP local.<\/p>\n","protected":false},"excerpt":{"rendered":"<p>Un auto sufri\u00f3 un desperfecto cuando circulaba por el barrio El Destino. El principio de incendio pudo ser sofocado gracias a la intervenci\u00f3n de una dotaci\u00f3n de Bomberos Voluntarios. Minutos antes de las once de la noche, un autom\u00f3vil comenz\u00f3 a incendiarse cuando transitaba por la calle O&#8217;higgins, entre Rivadavia y San Mart\u00edn, del barrio [&hellip;]<\/p>\n","protected":false},"author":4,"featured_media":57520,"comment_status":"open","ping_status":"closed","sticky":false,"template":"","format":"standard","meta":{"om_disable_all_campaigns":false,"_jetpack_memberships_contains_paid_content":false,"footnotes":""},"categories":[621],"tags":[],"class_list":["post-57519","post","type-post","status-publish","format-standard","has-post-thumbnail","hentry","category-regionales"],"aioseo_notices":[],"gutentor_comment":0,"jetpack_featured_media_url":"https:\/\/eldiariodesanpedro.com.ar\/sitio\/wp-content\/uploads\/2019\/08\/gnc_3.jpg","jetpack_shortlink":"https:\/\/wp.me\/p6RhLt-eXJ","jetpack_sharing_enabled":true,"_links":{"self":[{"href":"https:\/\/eldiariodesanpedro.com.ar\/sitio\/wp-json\/wp\/v2\/posts\/57519","targetHints":{"allow":["GET"]}}],"collection":[{"href":"https:\/\/eldiariodesanpedro.com.ar\/sitio\/wp-json\/wp\/v2\/posts"}],"about":[{"href":"https:\/\/eldiariodesanpedro.com.ar\/sitio\/wp-json\/wp\/v2\/types\/post"}],"author":[{"embeddable":true,"href":"https:\/\/eldiariodesanpedro.com.ar\/sitio\/wp-json\/wp\/v2\/users\/4"}],"replies":[{"embeddable":true,"href":"https:\/\/eldiariodesanpedro.com.ar\/sitio\/wp-json\/wp\/v2\/comments?post=57519"}],"version-history":[{"count":1,"href":"https:\/\/eldiariodesanpedro.com.ar\/sitio\/wp-json\/wp\/v2\/posts\/57519\/revisions"}],"predecessor-version":[{"id":57521,"href":"https:\/\/eldiariodesanpedro.com.ar\/sitio\/wp-json\/wp\/v2\/posts\/57519\/revisions\/57521"}],"wp:featuredmedia":[{"embeddable":true,"href":"https:\/\/eldiariodesanpedro.com.ar\/sitio\/wp-json\/wp\/v2\/media\/57520"}],"wp:attachment":[{"href":"https:\/\/eldiariodesanpedro.com.ar\/sitio\/wp-json\/wp\/v2\/media?parent=57519"}],"wp:term":[{"taxonomy":"category","embeddable":true,"href":"https:\/\/eldiariodesanpedro.com.ar\/sitio\/wp-json\/wp\/v2\/categories?post=57519"},{"taxonomy":"post_tag","embeddable":true,"href":"https:\/\/eldiariodesanpedro.com.ar\/sitio\/wp-json\/wp\/v2\/tags?post=57519"}],"curies":[{"name":"wp","href":"https:\/\/api.w.org\/{rel}","templated":true}]}}