{"id":57516,"date":"2019-08-05T09:54:13","date_gmt":"2019-08-05T12:54:13","guid":{"rendered":"https:\/\/eldiariodesanpedro.com.ar\/sitio\/?p=57516"},"modified":"2019-08-05T09:54:17","modified_gmt":"2019-08-05T12:54:17","slug":"ramallo-rio-parana-encontraron-el-cuerpo-del-joven-ramallense","status":"publish","type":"post","link":"https:\/\/eldiariodesanpedro.com.ar\/sitio\/ramallo-rio-parana-encontraron-el-cuerpo-del-joven-ramallense\/","title":{"rendered":"RAMALLO | R\u00edo Paran\u00e1: Encontraron el cuerpo del joven ramallense"},"content":{"rendered":"<!-- VideographyWP Plugin Message: Automatic video embedding prevented by plugin options. -->\n\n<p>El lamentable hallazgo tuvo lugar el pasado s\u00e1bado alrededor de las 14:30. Personal de Prefectura Naval Argentina a bordo de un Guardacostas logr\u00f3 el hallazgo de Lucio Marcelo G\u00f3mez y Su\u00e1rez, el hombre de 32 a\u00f1os que hab\u00eda desaparecido el pasado mi\u00e9rcoles en el r\u00edo Paran\u00e1 en jurisdicci\u00f3n de Ramallo.<\/p>\n\n\n\n<p>Tras cuatro d\u00edas de b\u00fasqueda, fue encontrado a 7 metros de profundidad. El cuerpo fue trasladado a la morgue judicial y fue reconocido por sus familiares.<\/p>\n\n\n\n<p>El joven ramallense iba a bordo de un kayac junto a un amigo cuando volcaron y cayeron al agua. El hecho ocurri\u00f3 en la tarde del jueves, alrededor de las 15:00. Su acompa\u00f1ante fue asistido y se encuentra fuera de peligro. <\/p>\n\n\n\n<p>Fuente: Diario El Informante<\/p>\n","protected":false},"excerpt":{"rendered":"<p>El lamentable hallazgo tuvo lugar el pasado s\u00e1bado alrededor de las 14:30. Personal de Prefectura Naval Argentina a bordo de un Guardacostas logr\u00f3 el hallazgo de Lucio Marcelo G\u00f3mez y Su\u00e1rez, el hombre de 32 a\u00f1os que hab\u00eda desaparecido el pasado mi\u00e9rcoles en el r\u00edo Paran\u00e1 en jurisdicci\u00f3n de Ramallo. Tras cuatro d\u00edas de b\u00fasqueda, [&hellip;]<\/p>\n","protected":false},"author":4,"featured_media":57517,"comment_status":"open","ping_status":"closed","sticky":false,"template":"","format":"standard","meta":{"om_disable_all_campaigns":false,"_jetpack_memberships_contains_paid_content":false,"footnotes":""},"categories":[621],"tags":[],"class_list":["post-57516","post","type-post","status-publish","format-standard","has-post-thumbnail","hentry","category-regionales"],"aioseo_notices":[],"gutentor_comment":0,"jetpack_featured_media_url":"https:\/\/eldiariodesanpedro.com.ar\/sitio\/wp-content\/uploads\/2019\/08\/lucio.jpg","jetpack_shortlink":"https:\/\/wp.me\/p6RhLt-eXG","jetpack_sharing_enabled":true,"_links":{"self":[{"href":"https:\/\/eldiariodesanpedro.com.ar\/sitio\/wp-json\/wp\/v2\/posts\/57516","targetHints":{"allow":["GET"]}}],"collection":[{"href":"https:\/\/eldiariodesanpedro.com.ar\/sitio\/wp-json\/wp\/v2\/posts"}],"about":[{"href":"https:\/\/eldiariodesanpedro.com.ar\/sitio\/wp-json\/wp\/v2\/types\/post"}],"author":[{"embeddable":true,"href":"https:\/\/eldiariodesanpedro.com.ar\/sitio\/wp-json\/wp\/v2\/users\/4"}],"replies":[{"embeddable":true,"href":"https:\/\/eldiariodesanpedro.com.ar\/sitio\/wp-json\/wp\/v2\/comments?post=57516"}],"version-history":[{"count":1,"href":"https:\/\/eldiariodesanpedro.com.ar\/sitio\/wp-json\/wp\/v2\/posts\/57516\/revisions"}],"predecessor-version":[{"id":57518,"href":"https:\/\/eldiariodesanpedro.com.ar\/sitio\/wp-json\/wp\/v2\/posts\/57516\/revisions\/57518"}],"wp:featuredmedia":[{"embeddable":true,"href":"https:\/\/eldiariodesanpedro.com.ar\/sitio\/wp-json\/wp\/v2\/media\/57517"}],"wp:attachment":[{"href":"https:\/\/eldiariodesanpedro.com.ar\/sitio\/wp-json\/wp\/v2\/media?parent=57516"}],"wp:term":[{"taxonomy":"category","embeddable":true,"href":"https:\/\/eldiariodesanpedro.com.ar\/sitio\/wp-json\/wp\/v2\/categories?post=57516"},{"taxonomy":"post_tag","embeddable":true,"href":"https:\/\/eldiariodesanpedro.com.ar\/sitio\/wp-json\/wp\/v2\/tags?post=57516"}],"curies":[{"name":"wp","href":"https:\/\/api.w.org\/{rel}","templated":true}]}}