{"id":57509,"date":"2019-08-05T09:47:47","date_gmt":"2019-08-05T12:47:47","guid":{"rendered":"https:\/\/eldiariodesanpedro.com.ar\/sitio\/?p=57509"},"modified":"2019-08-05T09:47:48","modified_gmt":"2019-08-05T12:47:48","slug":"importantes-perdidas-en-incendio-de-vivienda","status":"publish","type":"post","link":"https:\/\/eldiariodesanpedro.com.ar\/sitio\/importantes-perdidas-en-incendio-de-vivienda\/","title":{"rendered":"Importantes p\u00e9rdidas en incendio de vivienda"},"content":{"rendered":"<!-- VideographyWP Plugin Message: Automatic video embedding prevented by plugin options. -->\n\n<p>Sucedi\u00f3 el pasado domingo en Manuel Iglesias al 800 cuando los moradores no se encontraban. Bomberos Voluntarios intervino en el incidente que se origin\u00f3 en el interior de la vivienda.\u00a0<\/p>\n\n\n\n<p>Sobre el mediod\u00eda del domingo se produjo el incendio de una vivienda ubicada en la calle Manuel Iglesias al 800. Si bien no estaban muy claros cuales fueron los motivos que originaron el siniestro las p\u00e9rdidas fueron importantes.\u00a0<\/p>\n\n\n\n<p>El incidente se origin\u00f3 en el interior de una habitaci\u00f3n ubicada en la parte posterior de la casa y afect\u00f3 a otras dependencias del lugar.&nbsp;<\/p>\n\n\n\n<p>En el momento de desencadenarse el siniestro no hab\u00eda moradores en la propiedad.\u00a0\u00a0\u00a0<\/p>\n\n\n\n<p>Fuente: San Pedro Informa<\/p>\n\n\n\n<p><br><\/p>\n","protected":false},"excerpt":{"rendered":"<p>Sucedi\u00f3 el pasado domingo en Manuel Iglesias al 800 cuando los moradores no se encontraban. Bomberos Voluntarios intervino en el incidente que se origin\u00f3 en el interior de la vivienda.\u00a0 Sobre el mediod\u00eda del domingo se produjo el incendio de una vivienda ubicada en la calle Manuel Iglesias al 800. Si bien no estaban muy [&hellip;]<\/p>\n","protected":false},"author":4,"featured_media":57510,"comment_status":"open","ping_status":"closed","sticky":false,"template":"","format":"standard","meta":{"om_disable_all_campaigns":false,"_jetpack_memberships_contains_paid_content":false,"footnotes":""},"categories":[2,103],"tags":[],"class_list":["post-57509","post","type-post","status-publish","format-standard","has-post-thumbnail","hentry","category-locales","category-policiales-locales"],"aioseo_notices":[],"gutentor_comment":0,"jetpack_featured_media_url":"https:\/\/eldiariodesanpedro.com.ar\/sitio\/wp-content\/uploads\/2019\/08\/000078850.jpg","jetpack_shortlink":"https:\/\/wp.me\/p6RhLt-eXz","jetpack_sharing_enabled":true,"_links":{"self":[{"href":"https:\/\/eldiariodesanpedro.com.ar\/sitio\/wp-json\/wp\/v2\/posts\/57509","targetHints":{"allow":["GET"]}}],"collection":[{"href":"https:\/\/eldiariodesanpedro.com.ar\/sitio\/wp-json\/wp\/v2\/posts"}],"about":[{"href":"https:\/\/eldiariodesanpedro.com.ar\/sitio\/wp-json\/wp\/v2\/types\/post"}],"author":[{"embeddable":true,"href":"https:\/\/eldiariodesanpedro.com.ar\/sitio\/wp-json\/wp\/v2\/users\/4"}],"replies":[{"embeddable":true,"href":"https:\/\/eldiariodesanpedro.com.ar\/sitio\/wp-json\/wp\/v2\/comments?post=57509"}],"version-history":[{"count":1,"href":"https:\/\/eldiariodesanpedro.com.ar\/sitio\/wp-json\/wp\/v2\/posts\/57509\/revisions"}],"predecessor-version":[{"id":57512,"href":"https:\/\/eldiariodesanpedro.com.ar\/sitio\/wp-json\/wp\/v2\/posts\/57509\/revisions\/57512"}],"wp:featuredmedia":[{"embeddable":true,"href":"https:\/\/eldiariodesanpedro.com.ar\/sitio\/wp-json\/wp\/v2\/media\/57510"}],"wp:attachment":[{"href":"https:\/\/eldiariodesanpedro.com.ar\/sitio\/wp-json\/wp\/v2\/media?parent=57509"}],"wp:term":[{"taxonomy":"category","embeddable":true,"href":"https:\/\/eldiariodesanpedro.com.ar\/sitio\/wp-json\/wp\/v2\/categories?post=57509"},{"taxonomy":"post_tag","embeddable":true,"href":"https:\/\/eldiariodesanpedro.com.ar\/sitio\/wp-json\/wp\/v2\/tags?post=57509"}],"curies":[{"name":"wp","href":"https:\/\/api.w.org\/{rel}","templated":true}]}}