{"id":57508,"date":"2019-08-05T09:47:46","date_gmt":"2019-08-05T12:47:46","guid":{"rendered":"https:\/\/eldiariodesanpedro.com.ar\/sitio\/?p=57508"},"modified":"2019-08-05T09:47:51","modified_gmt":"2019-08-05T12:47:51","slug":"aprehendido-por-tenencia-de-marihuana-7","status":"publish","type":"post","link":"https:\/\/eldiariodesanpedro.com.ar\/sitio\/aprehendido-por-tenencia-de-marihuana-7\/","title":{"rendered":"Aprehendido por tenencia de marihuana"},"content":{"rendered":"<!-- VideographyWP Plugin Message: Automatic video embedding prevented by plugin options. -->\n\n<p>En el marco de operativo saturacion personal de Destacamento de la localidad de Gobernador Castro procedi\u00f3 a la aprehensi\u00f3n de tres masculinos con marihuana en su poder.<\/p>\n\n\n\n<p>El hecho se produjo en intersecci\u00f3n de las calles C\u00f3rdoba y Mitre,  los efectivos logran retener a tres masculinos de 30, 22 y 18 a\u00f1os de edad para su identificaci\u00f3n cuando constatan que entre sus ropas pose\u00edan envoltorios de nailon de sustancia marihuana con un pesaje de 30 gramos.<\/p>\n\n\n\n<p>Fueron alojados en la comisaria local interviniendo la UFI N\u00ba5 quien dispone causa por \u00abInfracci\u00f3n a la Ley 23.737, Tenencia Ilegal de Estupefacientes para Consumo Propio\u00bb, y posterior libertad.<\/p>\n\n\n\n<p><br><br><\/p>\n","protected":false},"excerpt":{"rendered":"<p>En el marco de operativo saturacion personal de Destacamento de la localidad de Gobernador Castro procedi\u00f3 a la aprehensi\u00f3n de tres masculinos con marihuana en su poder. El hecho se produjo en intersecci\u00f3n de las calles C\u00f3rdoba y Mitre, los efectivos logran retener a tres masculinos de 30, 22 y 18 a\u00f1os de edad para [&hellip;]<\/p>\n","protected":false},"author":4,"featured_media":57469,"comment_status":"open","ping_status":"closed","sticky":false,"template":"","format":"standard","meta":{"om_disable_all_campaigns":false,"_jetpack_memberships_contains_paid_content":false,"footnotes":""},"categories":[2,103],"tags":[],"class_list":["post-57508","post","type-post","status-publish","format-standard","has-post-thumbnail","hentry","category-locales","category-policiales-locales"],"aioseo_notices":[],"gutentor_comment":0,"jetpack_featured_media_url":"https:\/\/eldiariodesanpedro.com.ar\/sitio\/wp-content\/uploads\/2019\/08\/detenido.jpg","jetpack_shortlink":"https:\/\/wp.me\/p6RhLt-eXy","jetpack_sharing_enabled":true,"_links":{"self":[{"href":"https:\/\/eldiariodesanpedro.com.ar\/sitio\/wp-json\/wp\/v2\/posts\/57508","targetHints":{"allow":["GET"]}}],"collection":[{"href":"https:\/\/eldiariodesanpedro.com.ar\/sitio\/wp-json\/wp\/v2\/posts"}],"about":[{"href":"https:\/\/eldiariodesanpedro.com.ar\/sitio\/wp-json\/wp\/v2\/types\/post"}],"author":[{"embeddable":true,"href":"https:\/\/eldiariodesanpedro.com.ar\/sitio\/wp-json\/wp\/v2\/users\/4"}],"replies":[{"embeddable":true,"href":"https:\/\/eldiariodesanpedro.com.ar\/sitio\/wp-json\/wp\/v2\/comments?post=57508"}],"version-history":[{"count":1,"href":"https:\/\/eldiariodesanpedro.com.ar\/sitio\/wp-json\/wp\/v2\/posts\/57508\/revisions"}],"predecessor-version":[{"id":57511,"href":"https:\/\/eldiariodesanpedro.com.ar\/sitio\/wp-json\/wp\/v2\/posts\/57508\/revisions\/57511"}],"wp:featuredmedia":[{"embeddable":true,"href":"https:\/\/eldiariodesanpedro.com.ar\/sitio\/wp-json\/wp\/v2\/media\/57469"}],"wp:attachment":[{"href":"https:\/\/eldiariodesanpedro.com.ar\/sitio\/wp-json\/wp\/v2\/media?parent=57508"}],"wp:term":[{"taxonomy":"category","embeddable":true,"href":"https:\/\/eldiariodesanpedro.com.ar\/sitio\/wp-json\/wp\/v2\/categories?post=57508"},{"taxonomy":"post_tag","embeddable":true,"href":"https:\/\/eldiariodesanpedro.com.ar\/sitio\/wp-json\/wp\/v2\/tags?post=57508"}],"curies":[{"name":"wp","href":"https:\/\/api.w.org\/{rel}","templated":true}]}}