{"id":57505,"date":"2019-08-05T09:32:49","date_gmt":"2019-08-05T12:32:49","guid":{"rendered":"https:\/\/eldiariodesanpedro.com.ar\/sitio\/?p=57505"},"modified":"2019-08-05T09:32:53","modified_gmt":"2019-08-05T12:32:53","slug":"violencia-familiar-aprehendido-con-un-arma-blanca","status":"publish","type":"post","link":"https:\/\/eldiariodesanpedro.com.ar\/sitio\/violencia-familiar-aprehendido-con-un-arma-blanca\/","title":{"rendered":"Violencia familiar: Aprehendido con un arma blanca"},"content":{"rendered":"<!-- VideographyWP Plugin Message: Automatic video embedding prevented by plugin options. -->\n\n<p>Se trata de un joven de 24 a\u00f1os de edad quien amenazo a  su hermana de 29 con un cuchillo, y ademas intento evadir el accionar policial. Finalmente fue detenido y puesto en libertad tras recaudos legales.<\/p>\n\n\n\n<p>Sucedi\u00f3 en una vivienda de calle 24 de Febrero al 200, el personal policial acude tras un llamado al 911 y tras r\u00e1pido accionar logran la aprehensi\u00f3n del agresor.<\/p>\n\n\n\n<p>Anterior a eso, el sujeto se encontraba amenazando de muerte a su hermana, empu\u00f1ando un arma blanca de tipo cuchillo quien ademas intenta agredir a los efectivos.<\/p>\n\n\n\n<p>Alojado en la dependencia local, puesto en comunicacion con el Magistradose lo notifica del delito por una causa de \u00abamenazas agravadas &#8211; secuestro\u00bb y posterior libertad.<\/p>\n\n\n\n<p>La victima fue asistida en la Comisaria de la Mujer y Familia. <\/p>\n\n\n\n<p><\/p>\n","protected":false},"excerpt":{"rendered":"<p>Se trata de un joven de 24 a\u00f1os de edad quien amenazo a su hermana de 29 con un cuchillo, y ademas intento evadir el accionar policial. Finalmente fue detenido y puesto en libertad tras recaudos legales. Sucedi\u00f3 en una vivienda de calle 24 de Febrero al 200, el personal policial acude tras un llamado [&hellip;]<\/p>\n","protected":false},"author":4,"featured_media":57506,"comment_status":"open","ping_status":"closed","sticky":false,"template":"","format":"standard","meta":{"om_disable_all_campaigns":false,"_jetpack_memberships_contains_paid_content":false,"footnotes":""},"categories":[2,103],"tags":[],"class_list":["post-57505","post","type-post","status-publish","format-standard","has-post-thumbnail","hentry","category-locales","category-policiales-locales"],"aioseo_notices":[],"gutentor_comment":0,"jetpack_featured_media_url":"https:\/\/eldiariodesanpedro.com.ar\/sitio\/wp-content\/uploads\/2019\/08\/comisaria_1024x768.jpg","jetpack_shortlink":"https:\/\/wp.me\/p6RhLt-eXv","jetpack_sharing_enabled":true,"_links":{"self":[{"href":"https:\/\/eldiariodesanpedro.com.ar\/sitio\/wp-json\/wp\/v2\/posts\/57505","targetHints":{"allow":["GET"]}}],"collection":[{"href":"https:\/\/eldiariodesanpedro.com.ar\/sitio\/wp-json\/wp\/v2\/posts"}],"about":[{"href":"https:\/\/eldiariodesanpedro.com.ar\/sitio\/wp-json\/wp\/v2\/types\/post"}],"author":[{"embeddable":true,"href":"https:\/\/eldiariodesanpedro.com.ar\/sitio\/wp-json\/wp\/v2\/users\/4"}],"replies":[{"embeddable":true,"href":"https:\/\/eldiariodesanpedro.com.ar\/sitio\/wp-json\/wp\/v2\/comments?post=57505"}],"version-history":[{"count":1,"href":"https:\/\/eldiariodesanpedro.com.ar\/sitio\/wp-json\/wp\/v2\/posts\/57505\/revisions"}],"predecessor-version":[{"id":57507,"href":"https:\/\/eldiariodesanpedro.com.ar\/sitio\/wp-json\/wp\/v2\/posts\/57505\/revisions\/57507"}],"wp:featuredmedia":[{"embeddable":true,"href":"https:\/\/eldiariodesanpedro.com.ar\/sitio\/wp-json\/wp\/v2\/media\/57506"}],"wp:attachment":[{"href":"https:\/\/eldiariodesanpedro.com.ar\/sitio\/wp-json\/wp\/v2\/media?parent=57505"}],"wp:term":[{"taxonomy":"category","embeddable":true,"href":"https:\/\/eldiariodesanpedro.com.ar\/sitio\/wp-json\/wp\/v2\/categories?post=57505"},{"taxonomy":"post_tag","embeddable":true,"href":"https:\/\/eldiariodesanpedro.com.ar\/sitio\/wp-json\/wp\/v2\/tags?post=57505"}],"curies":[{"name":"wp","href":"https:\/\/api.w.org\/{rel}","templated":true}]}}