{"id":57503,"date":"2019-08-05T09:20:24","date_gmt":"2019-08-05T12:20:24","guid":{"rendered":"https:\/\/eldiariodesanpedro.com.ar\/sitio\/?p=57503"},"modified":"2019-08-05T09:20:28","modified_gmt":"2019-08-05T12:20:28","slug":"fue-atacado-por-masculinos-que-le-propinaron-golpes-de-puno","status":"publish","type":"post","link":"https:\/\/eldiariodesanpedro.com.ar\/sitio\/fue-atacado-por-masculinos-que-le-propinaron-golpes-de-puno\/","title":{"rendered":"Fue atacado por masculinos que le propinaron golpes de pu\u00f1o"},"content":{"rendered":"<!-- VideographyWP Plugin Message: Automatic video embedding prevented by plugin options. -->\n\n<p>El ciudadano victima del hecho ingresaba su autom\u00f3vil en el garage de su domicilio y fue sorprendido por tres hombres quienes lo atacaron y lo golpearon sin sustraerle nada.<\/p>\n\n\n\n<p>El hecho sucedi\u00f3 en una vivienda este domingo por la noche, cuando el propietario de 71 a\u00f1os de edad, ingresaba su veh\u00edculo para guardarlo en su garaje, y sin mediar palabra tres personas lo sorprenden propin\u00e1ndole golpes de pu\u00f1o en su rostro, sin lograr sustraer pertenencias, quienes ante el llamado de auxilio de la victima los  agresores emprenden huida. <\/p>\n\n\n\n<p>Investiga la causa la Fiscalia N\u00ba11<\/p>\n\n\n\n<p><\/p>\n","protected":false},"excerpt":{"rendered":"<p>El ciudadano victima del hecho ingresaba su autom\u00f3vil en el garage de su domicilio y fue sorprendido por tres hombres quienes lo atacaron y lo golpearon sin sustraerle nada. El hecho sucedi\u00f3 en una vivienda este domingo por la noche, cuando el propietario de 71 a\u00f1os de edad, ingresaba su veh\u00edculo para guardarlo en su [&hellip;]<\/p>\n","protected":false},"author":4,"featured_media":56462,"comment_status":"open","ping_status":"closed","sticky":false,"template":"","format":"standard","meta":{"om_disable_all_campaigns":false,"_jetpack_memberships_contains_paid_content":false,"footnotes":""},"categories":[2,103],"tags":[],"class_list":["post-57503","post","type-post","status-publish","format-standard","has-post-thumbnail","hentry","category-locales","category-policiales-locales"],"aioseo_notices":[],"gutentor_comment":0,"jetpack_featured_media_url":"https:\/\/eldiariodesanpedro.com.ar\/sitio\/wp-content\/uploads\/2019\/07\/nuevos-patrulleros-policia-02_5.jpg","jetpack_shortlink":"https:\/\/wp.me\/p6RhLt-eXt","jetpack_sharing_enabled":true,"_links":{"self":[{"href":"https:\/\/eldiariodesanpedro.com.ar\/sitio\/wp-json\/wp\/v2\/posts\/57503","targetHints":{"allow":["GET"]}}],"collection":[{"href":"https:\/\/eldiariodesanpedro.com.ar\/sitio\/wp-json\/wp\/v2\/posts"}],"about":[{"href":"https:\/\/eldiariodesanpedro.com.ar\/sitio\/wp-json\/wp\/v2\/types\/post"}],"author":[{"embeddable":true,"href":"https:\/\/eldiariodesanpedro.com.ar\/sitio\/wp-json\/wp\/v2\/users\/4"}],"replies":[{"embeddable":true,"href":"https:\/\/eldiariodesanpedro.com.ar\/sitio\/wp-json\/wp\/v2\/comments?post=57503"}],"version-history":[{"count":1,"href":"https:\/\/eldiariodesanpedro.com.ar\/sitio\/wp-json\/wp\/v2\/posts\/57503\/revisions"}],"predecessor-version":[{"id":57504,"href":"https:\/\/eldiariodesanpedro.com.ar\/sitio\/wp-json\/wp\/v2\/posts\/57503\/revisions\/57504"}],"wp:featuredmedia":[{"embeddable":true,"href":"https:\/\/eldiariodesanpedro.com.ar\/sitio\/wp-json\/wp\/v2\/media\/56462"}],"wp:attachment":[{"href":"https:\/\/eldiariodesanpedro.com.ar\/sitio\/wp-json\/wp\/v2\/media?parent=57503"}],"wp:term":[{"taxonomy":"category","embeddable":true,"href":"https:\/\/eldiariodesanpedro.com.ar\/sitio\/wp-json\/wp\/v2\/categories?post=57503"},{"taxonomy":"post_tag","embeddable":true,"href":"https:\/\/eldiariodesanpedro.com.ar\/sitio\/wp-json\/wp\/v2\/tags?post=57503"}],"curies":[{"name":"wp","href":"https:\/\/api.w.org\/{rel}","templated":true}]}}