{"id":57496,"date":"2019-08-05T08:52:16","date_gmt":"2019-08-05T11:52:16","guid":{"rendered":"https:\/\/eldiariodesanpedro.com.ar\/sitio\/?p=57496"},"modified":"2019-08-05T09:50:26","modified_gmt":"2019-08-05T12:50:26","slug":"charla-sobre-la-asociacion-estrategica-union-europea-mercosur-2","status":"publish","type":"post","link":"https:\/\/eldiariodesanpedro.com.ar\/sitio\/charla-sobre-la-asociacion-estrategica-union-europea-mercosur-2\/","title":{"rendered":"Charla sobre la asociaci\u00f3n estrat\u00e9gica Uni\u00f3n Europea &#8211; Mercosur"},"content":{"rendered":"<!-- VideographyWP Plugin Message: Automatic video embedding prevented by plugin options. -->\n\n<p>\n\nEnmarcada en el ciclo de encuentros que se vienen proponiendo a los comerciantes, empresarios, prestadores de servicios y emprendedores, esta actividad coincide con un momento trascendente de la econom\u00eda argentina ante los avances del acuerdo Mercosur &#8211; Uni\u00f3n Europea.&nbsp;<\/p>\n\n\n\n<p>La iniciativa impulsada por la C\u00e1mara de Comercio Exterior de nuestro Centro acerca esta propuesta, a cargo de un especialista en el tema, busca simplificar y trasladar a un lenguaje m\u00e1s sencillo, lo que este nuevo horizonte puede ofrecer a quienes, desde nuestra regi\u00f3n, tienen posibilidades de aprovechar este escenario de oportunidades.<\/p>\n\n\n\n<p>El invitado es especialista en relaciones econ\u00f3micas internacionales, derecho del comercio internacional e integraci\u00f3n econ\u00f3mica con una larga trayectoria acad\u00e9mica y de gesti\u00f3n p\u00fablica y privada en relaciones internacionales. Ha tenido funciones destacadas en espacios como la Organizaci\u00f3n Mundial del Comercio, BID, CIADI, y el Banco Mundial; e incluso ha recibido condecoraciones de los gobiernos de Brasil, Francia, Bolivia, y la ex Yugoseslavia.<\/p>\n\n\n\n<figure class=\"wp-block-image\"><img decoding=\"async\" width=\"1080\" height=\"1080\" data-attachment-id=\"57497\" data-permalink=\"https:\/\/eldiariodesanpedro.com.ar\/sitio\/charla-sobre-la-asociacion-estrategica-union-europea-mercosur-2\/unnamed-109\/\" data-orig-file=\"https:\/\/eldiariodesanpedro.com.ar\/sitio\/wp-content\/uploads\/2019\/08\/unnamed-1.jpg\" data-orig-size=\"1080,1080\" data-comments-opened=\"1\" data-image-meta=\"{&quot;aperture&quot;:&quot;0&quot;,&quot;credit&quot;:&quot;&quot;,&quot;camera&quot;:&quot;&quot;,&quot;caption&quot;:&quot;&quot;,&quot;created_timestamp&quot;:&quot;0&quot;,&quot;copyright&quot;:&quot;&quot;,&quot;focal_length&quot;:&quot;0&quot;,&quot;iso&quot;:&quot;0&quot;,&quot;shutter_speed&quot;:&quot;0&quot;,&quot;title&quot;:&quot;&quot;,&quot;orientation&quot;:&quot;0&quot;}\" data-image-title=\"unnamed\" data-image-description=\"\" data-image-caption=\"\" data-large-file=\"https:\/\/eldiariodesanpedro.com.ar\/sitio\/wp-content\/uploads\/2019\/08\/unnamed-1-1024x1024.jpg\" data-src=\"https:\/\/i1.wp.com\/eldiariodesanpedro.com.ar\/sitio\/wp-content\/uploads\/2019\/08\/unnamed-1.jpg?fit=660%2C660\" alt=\"\" class=\"wp-image-57497 lazyload\" data-srcset=\"https:\/\/eldiariodesanpedro.com.ar\/sitio\/wp-content\/uploads\/2019\/08\/unnamed-1.jpg 1080w, https:\/\/eldiariodesanpedro.com.ar\/sitio\/wp-content\/uploads\/2019\/08\/unnamed-1-150x150.jpg 150w, https:\/\/eldiariodesanpedro.com.ar\/sitio\/wp-content\/uploads\/2019\/08\/unnamed-1-300x300.jpg 300w, https:\/\/eldiariodesanpedro.com.ar\/sitio\/wp-content\/uploads\/2019\/08\/unnamed-1-768x768.jpg 768w, https:\/\/eldiariodesanpedro.com.ar\/sitio\/wp-content\/uploads\/2019\/08\/unnamed-1-1024x1024.jpg 1024w\" data-sizes=\"(max-width: 1080px) 100vw, 1080px\" src=\"data:image\/svg+xml;base64,PHN2ZyB3aWR0aD0iMSIgaGVpZ2h0PSIxIiB4bWxucz0iaHR0cDovL3d3dy53My5vcmcvMjAwMC9zdmciPjwvc3ZnPg==\" style=\"--smush-placeholder-width: 1080px; --smush-placeholder-aspect-ratio: 1080\/1080;\" \/><\/figure>\n\n\n\n<p>La preinscripci\u00f3n gratuita puede realizarse al mail&nbsp;<a href=\"mailto:centrodecomerciosp@arnetbiz.com.ar\" target=\"_blank\" rel=\"noreferrer noopener\">centrodecomerciosp@arnetbiz.com.ar<\/a>, en las oficinas del Centro o llamando al 03329 423386 o 425266.\n\n<\/p>\n","protected":false},"excerpt":{"rendered":"<p>Enmarcada en el ciclo de encuentros que se vienen proponiendo a los comerciantes, empresarios, prestadores de servicios y emprendedores, esta actividad coincide con un momento trascendente de la econom\u00eda argentina ante los avances del acuerdo Mercosur &#8211; Uni\u00f3n Europea.&nbsp; La iniciativa impulsada por la C\u00e1mara de Comercio Exterior de nuestro Centro acerca esta propuesta, a [&hellip;]<\/p>\n","protected":false},"author":4,"featured_media":57515,"comment_status":"open","ping_status":"closed","sticky":false,"template":"","format":"standard","meta":{"om_disable_all_campaigns":false,"_jetpack_memberships_contains_paid_content":false,"footnotes":""},"categories":[101,2],"tags":[],"class_list":["post-57496","post","type-post","status-publish","format-standard","has-post-thumbnail","hentry","category-interes-general-locales","category-locales"],"aioseo_notices":[],"gutentor_comment":0,"jetpack_featured_media_url":"https:\/\/eldiariodesanpedro.com.ar\/sitio\/wp-content\/uploads\/2019\/08\/centro-de-comercio-e-industria_3.jpg","jetpack_shortlink":"https:\/\/wp.me\/p6RhLt-eXm","jetpack_sharing_enabled":true,"_links":{"self":[{"href":"https:\/\/eldiariodesanpedro.com.ar\/sitio\/wp-json\/wp\/v2\/posts\/57496","targetHints":{"allow":["GET"]}}],"collection":[{"href":"https:\/\/eldiariodesanpedro.com.ar\/sitio\/wp-json\/wp\/v2\/posts"}],"about":[{"href":"https:\/\/eldiariodesanpedro.com.ar\/sitio\/wp-json\/wp\/v2\/types\/post"}],"author":[{"embeddable":true,"href":"https:\/\/eldiariodesanpedro.com.ar\/sitio\/wp-json\/wp\/v2\/users\/4"}],"replies":[{"embeddable":true,"href":"https:\/\/eldiariodesanpedro.com.ar\/sitio\/wp-json\/wp\/v2\/comments?post=57496"}],"version-history":[{"count":1,"href":"https:\/\/eldiariodesanpedro.com.ar\/sitio\/wp-json\/wp\/v2\/posts\/57496\/revisions"}],"predecessor-version":[{"id":57500,"href":"https:\/\/eldiariodesanpedro.com.ar\/sitio\/wp-json\/wp\/v2\/posts\/57496\/revisions\/57500"}],"wp:featuredmedia":[{"embeddable":true,"href":"https:\/\/eldiariodesanpedro.com.ar\/sitio\/wp-json\/wp\/v2\/media\/57515"}],"wp:attachment":[{"href":"https:\/\/eldiariodesanpedro.com.ar\/sitio\/wp-json\/wp\/v2\/media?parent=57496"}],"wp:term":[{"taxonomy":"category","embeddable":true,"href":"https:\/\/eldiariodesanpedro.com.ar\/sitio\/wp-json\/wp\/v2\/categories?post=57496"},{"taxonomy":"post_tag","embeddable":true,"href":"https:\/\/eldiariodesanpedro.com.ar\/sitio\/wp-json\/wp\/v2\/tags?post=57496"}],"curies":[{"name":"wp","href":"https:\/\/api.w.org\/{rel}","templated":true}]}}