{"id":57486,"date":"2019-08-04T17:10:45","date_gmt":"2019-08-04T20:10:45","guid":{"rendered":"https:\/\/eldiariodesanpedro.com.ar\/sitio\/?p=57486"},"modified":"2019-08-04T17:21:42","modified_gmt":"2019-08-04T20:21:42","slug":"cuatro-aves-y-dos-fosiles-nuevos-en-el-museo-paleontologico","status":"publish","type":"post","link":"https:\/\/eldiariodesanpedro.com.ar\/sitio\/cuatro-aves-y-dos-fosiles-nuevos-en-el-museo-paleontologico\/","title":{"rendered":"Cuatro aves y dos f\u00f3siles nuevos en el Museo Paleontologico"},"content":{"rendered":"<!-- VideographyWP Plugin Message: Automatic video embedding prevented by plugin options. -->\n\n<p>El Grupo Conservacionista obtuvo nuevos registros de aves para su banco de im\u00e1genes y dos f\u00f3siles de roedores para su colecci\u00f3n paleontol\u00f3gico<\/p>\n\n\n\n<p>&nbsp;En las \u00faltimas semanas, el Sr. Julio Simonini, integrante del Grupo Conservacionista, logr\u00f3 fotografiar cuatro especies de aves que se sumar\u00e1n al \u201c<strong><em>Banco de Im\u00e1genes de las Aves de San Pedro<\/em><\/strong>\u201d. Esta recopilaci\u00f3n de fotograf\u00edas logradas en San Pedro supera las 150 especies, las cuales fueron tomadas en diferentes puntos del partido.<\/p>\n\n\n\n<p>Choca corona rojiza (Thamnophilus ruficapillus)<br>Golondrina ceja blanca (Tachycineta leucorrhoa)<br>Loica pampeana (Sturnella defilippii)<br>Cachilo ceja amarilla (Ammodramus humeralis)<\/p>\n\n\n\n<p>Estas especies, que desde ahora se suman a la colecci\u00f3n fotogr\u00e1fica p\u00fablica que el grupo posee en su p\u00e1gina&nbsp;<strong><a href=\"http:\/\/gcfsanpedro.wordpress.com\/\" target=\"_blank\" rel=\"noreferrer noopener\">gcfsanpedro.wordpress.com<\/a><\/strong>, fueron captadas en el Paseo P\u00fablico 2 y en la zona de arroyo Espinillo, camino a Vuelta de Obligado.&nbsp;<\/p>\n\n\n\n<p><strong>DOS F\u00d3SILES DE ROEDORES<\/strong><br>\u00a0En la zona de Bajo de Gomila, en una capa sedimentaria correspondiente a la Edad Ensenadense, Jos\u00e9 Luis Aguilar, integrante del GCF, hall\u00f3 dos mand\u00edbulas de Ctenomys, un peque\u00f1o roedor que habit\u00f3 nuestra zona en per\u00edodos de clima algo m\u00e1s \u00e1ridos que en la actualidad.<\/p>\n\n\n\n<p>Los Ctenomys o tucu-tucos, que a\u00fan habitan ciertas zonas de nuestro pa\u00eds, son roedores excavadores que construyen galer\u00edas donde se desarrollan sus cr\u00edas.<\/p>\n\n\n\n<p>Los f\u00f3siles hallados son dos ramas mandibulares derechas correspondientes a un ejemplar adulto y a otro juvenil, recuperados en una madriguera prehist\u00f3rica de reducidas dimensiones que fue el refugio de los ejemplares descubiertos.<\/p>\n\n\n\n<figure class=\"wp-block-image\"><img decoding=\"async\" width=\"520\" height=\"411\" data-attachment-id=\"57490\" data-permalink=\"https:\/\/eldiariodesanpedro.com.ar\/sitio\/cuatro-aves-y-dos-fosiles-nuevos-en-el-museo-paleontologico\/loica-pampeana\/\" data-orig-file=\"https:\/\/eldiariodesanpedro.com.ar\/sitio\/wp-content\/uploads\/2019\/08\/LOICA-PAMPEANA.jpg\" data-orig-size=\"520,411\" data-comments-opened=\"1\" data-image-meta=\"{&quot;aperture&quot;:&quot;0&quot;,&quot;credit&quot;:&quot;&quot;,&quot;camera&quot;:&quot;NIKON D80&quot;,&quot;caption&quot;:&quot;&quot;,&quot;created_timestamp&quot;:&quot;1325066592&quot;,&quot;copyright&quot;:&quot;&quot;,&quot;focal_length&quot;:&quot;0&quot;,&quot;iso&quot;:&quot;1600&quot;,&quot;shutter_speed&quot;:&quot;0.001&quot;,&quot;title&quot;:&quot;&quot;,&quot;orientation&quot;:&quot;1&quot;}\" data-image-title=\"LOICA PAMPEANA\" data-image-description=\"\" data-image-caption=\"\" data-large-file=\"https:\/\/eldiariodesanpedro.com.ar\/sitio\/wp-content\/uploads\/2019\/08\/LOICA-PAMPEANA.jpg\" data-src=\"https:\/\/eldiariodesanpedro.com.ar\/sitio\/wp-content\/uploads\/2019\/08\/LOICA-PAMPEANA.jpg\" alt=\"\" class=\"wp-image-57490 lazyload\" data-srcset=\"https:\/\/eldiariodesanpedro.com.ar\/sitio\/wp-content\/uploads\/2019\/08\/LOICA-PAMPEANA.jpg 520w, https:\/\/eldiariodesanpedro.com.ar\/sitio\/wp-content\/uploads\/2019\/08\/LOICA-PAMPEANA-300x237.jpg 300w\" data-sizes=\"(max-width: 520px) 100vw, 520px\" src=\"data:image\/svg+xml;base64,PHN2ZyB3aWR0aD0iMSIgaGVpZ2h0PSIxIiB4bWxucz0iaHR0cDovL3d3dy53My5vcmcvMjAwMC9zdmciPjwvc3ZnPg==\" style=\"--smush-placeholder-width: 520px; --smush-placeholder-aspect-ratio: 520\/411;\" \/><\/figure>\n\n\n\n<figure class=\"wp-block-image\"><img decoding=\"async\" width=\"612\" height=\"558\" data-attachment-id=\"57489\" data-permalink=\"https:\/\/eldiariodesanpedro.com.ar\/sitio\/cuatro-aves-y-dos-fosiles-nuevos-en-el-museo-paleontologico\/golondrina-ceja-blanca\/\" data-orig-file=\"https:\/\/eldiariodesanpedro.com.ar\/sitio\/wp-content\/uploads\/2019\/08\/GOLONDRINA-CEJA-BLANCA.jpg\" data-orig-size=\"612,558\" data-comments-opened=\"1\" data-image-meta=\"{&quot;aperture&quot;:&quot;9.5&quot;,&quot;credit&quot;:&quot;&quot;,&quot;camera&quot;:&quot;NIKON D500&quot;,&quot;caption&quot;:&quot;&quot;,&quot;created_timestamp&quot;:&quot;1503064615&quot;,&quot;copyright&quot;:&quot;&quot;,&quot;focal_length&quot;:&quot;850&quot;,&quot;iso&quot;:&quot;1000&quot;,&quot;shutter_speed&quot;:&quot;0.0008&quot;,&quot;title&quot;:&quot;&quot;,&quot;orientation&quot;:&quot;1&quot;}\" data-image-title=\"GOLONDRINA CEJA BLANCA\" data-image-description=\"\" data-image-caption=\"\" data-large-file=\"https:\/\/eldiariodesanpedro.com.ar\/sitio\/wp-content\/uploads\/2019\/08\/GOLONDRINA-CEJA-BLANCA.jpg\" data-src=\"https:\/\/eldiariodesanpedro.com.ar\/sitio\/wp-content\/uploads\/2019\/08\/GOLONDRINA-CEJA-BLANCA.jpg\" alt=\"\" class=\"wp-image-57489 lazyload\" data-srcset=\"https:\/\/eldiariodesanpedro.com.ar\/sitio\/wp-content\/uploads\/2019\/08\/GOLONDRINA-CEJA-BLANCA.jpg 612w, https:\/\/eldiariodesanpedro.com.ar\/sitio\/wp-content\/uploads\/2019\/08\/GOLONDRINA-CEJA-BLANCA-300x274.jpg 300w\" data-sizes=\"(max-width: 612px) 100vw, 612px\" src=\"data:image\/svg+xml;base64,PHN2ZyB3aWR0aD0iMSIgaGVpZ2h0PSIxIiB4bWxucz0iaHR0cDovL3d3dy53My5vcmcvMjAwMC9zdmciPjwvc3ZnPg==\" style=\"--smush-placeholder-width: 612px; --smush-placeholder-aspect-ratio: 612\/558;\" \/><\/figure>\n\n\n\n<figure class=\"wp-block-image\"><img decoding=\"async\" width=\"554\" height=\"513\" data-attachment-id=\"57488\" data-permalink=\"https:\/\/eldiariodesanpedro.com.ar\/sitio\/cuatro-aves-y-dos-fosiles-nuevos-en-el-museo-paleontologico\/choca-corona-rojiza\/\" data-orig-file=\"https:\/\/eldiariodesanpedro.com.ar\/sitio\/wp-content\/uploads\/2019\/08\/CHOCA-CORONA-ROJIZA.jpg\" data-orig-size=\"554,513\" data-comments-opened=\"1\" data-image-meta=\"{&quot;aperture&quot;:&quot;9.5&quot;,&quot;credit&quot;:&quot;&quot;,&quot;camera&quot;:&quot;NIKON D500&quot;,&quot;caption&quot;:&quot;&quot;,&quot;created_timestamp&quot;:&quot;1503063489&quot;,&quot;copyright&quot;:&quot;&quot;,&quot;focal_length&quot;:&quot;420&quot;,&quot;iso&quot;:&quot;1000&quot;,&quot;shutter_speed&quot;:&quot;0.0005&quot;,&quot;title&quot;:&quot;&quot;,&quot;orientation&quot;:&quot;1&quot;}\" data-image-title=\"CHOCA CORONA ROJIZA\" data-image-description=\"\" data-image-caption=\"\" data-large-file=\"https:\/\/eldiariodesanpedro.com.ar\/sitio\/wp-content\/uploads\/2019\/08\/CHOCA-CORONA-ROJIZA.jpg\" data-src=\"https:\/\/eldiariodesanpedro.com.ar\/sitio\/wp-content\/uploads\/2019\/08\/CHOCA-CORONA-ROJIZA.jpg\" alt=\"\" class=\"wp-image-57488 lazyload\" data-srcset=\"https:\/\/eldiariodesanpedro.com.ar\/sitio\/wp-content\/uploads\/2019\/08\/CHOCA-CORONA-ROJIZA.jpg 554w, https:\/\/eldiariodesanpedro.com.ar\/sitio\/wp-content\/uploads\/2019\/08\/CHOCA-CORONA-ROJIZA-300x278.jpg 300w\" data-sizes=\"(max-width: 554px) 100vw, 554px\" src=\"data:image\/svg+xml;base64,PHN2ZyB3aWR0aD0iMSIgaGVpZ2h0PSIxIiB4bWxucz0iaHR0cDovL3d3dy53My5vcmcvMjAwMC9zdmciPjwvc3ZnPg==\" style=\"--smush-placeholder-width: 554px; --smush-placeholder-aspect-ratio: 554\/513;\" \/><\/figure>\n\n\n\n<figure class=\"wp-block-image\"><img decoding=\"async\" width=\"775\" height=\"519\" data-attachment-id=\"57487\" data-permalink=\"https:\/\/eldiariodesanpedro.com.ar\/sitio\/cuatro-aves-y-dos-fosiles-nuevos-en-el-museo-paleontologico\/cachilo-ceja-amarilla\/\" data-orig-file=\"https:\/\/eldiariodesanpedro.com.ar\/sitio\/wp-content\/uploads\/2019\/08\/CACHILO-CEJA-AMARILLA.jpg\" data-orig-size=\"775,519\" data-comments-opened=\"1\" data-image-meta=\"{&quot;aperture&quot;:&quot;0&quot;,&quot;credit&quot;:&quot;&quot;,&quot;camera&quot;:&quot;NIKON D80&quot;,&quot;caption&quot;:&quot;&quot;,&quot;created_timestamp&quot;:&quot;1329900606&quot;,&quot;copyright&quot;:&quot;&quot;,&quot;focal_length&quot;:&quot;0&quot;,&quot;iso&quot;:&quot;800&quot;,&quot;shutter_speed&quot;:&quot;0.002&quot;,&quot;title&quot;:&quot;&quot;,&quot;orientation&quot;:&quot;1&quot;}\" data-image-title=\"CACHILO CEJA AMARILLA\" data-image-description=\"\" data-image-caption=\"\" data-large-file=\"https:\/\/eldiariodesanpedro.com.ar\/sitio\/wp-content\/uploads\/2019\/08\/CACHILO-CEJA-AMARILLA.jpg\" data-src=\"https:\/\/eldiariodesanpedro.com.ar\/sitio\/wp-content\/uploads\/2019\/08\/CACHILO-CEJA-AMARILLA.jpg\" alt=\"\" class=\"wp-image-57487 lazyload\" data-srcset=\"https:\/\/eldiariodesanpedro.com.ar\/sitio\/wp-content\/uploads\/2019\/08\/CACHILO-CEJA-AMARILLA.jpg 775w, https:\/\/eldiariodesanpedro.com.ar\/sitio\/wp-content\/uploads\/2019\/08\/CACHILO-CEJA-AMARILLA-300x201.jpg 300w, https:\/\/eldiariodesanpedro.com.ar\/sitio\/wp-content\/uploads\/2019\/08\/CACHILO-CEJA-AMARILLA-768x514.jpg 768w\" data-sizes=\"(max-width: 775px) 100vw, 775px\" src=\"data:image\/svg+xml;base64,PHN2ZyB3aWR0aD0iMSIgaGVpZ2h0PSIxIiB4bWxucz0iaHR0cDovL3d3dy53My5vcmcvMjAwMC9zdmciPjwvc3ZnPg==\" style=\"--smush-placeholder-width: 775px; --smush-placeholder-aspect-ratio: 775\/519;\" \/><\/figure>\n","protected":false},"excerpt":{"rendered":"<p>El Grupo Conservacionista obtuvo nuevos registros de aves para su banco de im\u00e1genes y dos f\u00f3siles de roedores para su colecci\u00f3n paleontol\u00f3gico &nbsp;En las \u00faltimas semanas, el Sr. Julio Simonini, integrante del Grupo Conservacionista, logr\u00f3 fotografiar cuatro especies de aves que se sumar\u00e1n al \u201cBanco de Im\u00e1genes de las Aves de San Pedro\u201d. Esta recopilaci\u00f3n [&hellip;]<\/p>\n","protected":false},"author":4,"featured_media":57491,"comment_status":"open","ping_status":"closed","sticky":false,"template":"","format":"standard","meta":{"om_disable_all_campaigns":false,"_jetpack_memberships_contains_paid_content":false,"footnotes":""},"categories":[101,2],"tags":[],"class_list":["post-57486","post","type-post","status-publish","format-standard","has-post-thumbnail","hentry","category-interes-general-locales","category-locales"],"aioseo_notices":[],"gutentor_comment":0,"jetpack_featured_media_url":"https:\/\/eldiariodesanpedro.com.ar\/sitio\/wp-content\/uploads\/2019\/08\/MAND\u00cdBULAS-DE-ROEDORES-F\u00d3SILES-e1564949505680.jpg","jetpack_shortlink":"https:\/\/wp.me\/p6RhLt-eXc","jetpack_sharing_enabled":true,"_links":{"self":[{"href":"https:\/\/eldiariodesanpedro.com.ar\/sitio\/wp-json\/wp\/v2\/posts\/57486","targetHints":{"allow":["GET"]}}],"collection":[{"href":"https:\/\/eldiariodesanpedro.com.ar\/sitio\/wp-json\/wp\/v2\/posts"}],"about":[{"href":"https:\/\/eldiariodesanpedro.com.ar\/sitio\/wp-json\/wp\/v2\/types\/post"}],"author":[{"embeddable":true,"href":"https:\/\/eldiariodesanpedro.com.ar\/sitio\/wp-json\/wp\/v2\/users\/4"}],"replies":[{"embeddable":true,"href":"https:\/\/eldiariodesanpedro.com.ar\/sitio\/wp-json\/wp\/v2\/comments?post=57486"}],"version-history":[{"count":1,"href":"https:\/\/eldiariodesanpedro.com.ar\/sitio\/wp-json\/wp\/v2\/posts\/57486\/revisions"}],"predecessor-version":[{"id":57492,"href":"https:\/\/eldiariodesanpedro.com.ar\/sitio\/wp-json\/wp\/v2\/posts\/57486\/revisions\/57492"}],"wp:featuredmedia":[{"embeddable":true,"href":"https:\/\/eldiariodesanpedro.com.ar\/sitio\/wp-json\/wp\/v2\/media\/57491"}],"wp:attachment":[{"href":"https:\/\/eldiariodesanpedro.com.ar\/sitio\/wp-json\/wp\/v2\/media?parent=57486"}],"wp:term":[{"taxonomy":"category","embeddable":true,"href":"https:\/\/eldiariodesanpedro.com.ar\/sitio\/wp-json\/wp\/v2\/categories?post=57486"},{"taxonomy":"post_tag","embeddable":true,"href":"https:\/\/eldiariodesanpedro.com.ar\/sitio\/wp-json\/wp\/v2\/tags?post=57486"}],"curies":[{"name":"wp","href":"https:\/\/api.w.org\/{rel}","templated":true}]}}