{"id":57483,"date":"2019-08-04T17:00:19","date_gmt":"2019-08-04T20:00:19","guid":{"rendered":"https:\/\/eldiariodesanpedro.com.ar\/sitio\/?p=57483"},"modified":"2019-08-04T17:00:23","modified_gmt":"2019-08-04T20:00:23","slug":"san-nicolas-continua-la-busqueda-del-hombre-desaparecido-en-el-rio-parana","status":"publish","type":"post","link":"https:\/\/eldiariodesanpedro.com.ar\/sitio\/san-nicolas-continua-la-busqueda-del-hombre-desaparecido-en-el-rio-parana\/","title":{"rendered":"SAN NICOLAS | Contin\u00faa la b\u00fasqueda del hombre desaparecido en el R\u00edo Paran\u00e1"},"content":{"rendered":"<!-- VideographyWP Plugin Message: Automatic video embedding prevented by plugin options. -->\n\n<p> Durante la jornada de hoy prosigui\u00f3 la b\u00fasqueda en el r\u00edo Paran\u00e1 del hombre que cayera al agua luego de dar \u201cuna vuelta de campana\u201d en la piragua en la que navegaba junto a un amigo en inmediaciones de la boca de la d\u00e1rsena que posee el ex Astilleros Martins a la altura del KM. 332,400 margen derecha.\u00a0<\/p>\n\n\n\n<p>El siniestro se produjo pasadas las 15,15 hs. del jueves &#8211; tal como EL NORTE lo informara en su edici\u00f3n impresa de hoy &#8211; cuando ambas personas estaban saliendo de la zona de la costa y al parecer el accidente se produjo por una mala maniobra que realizaron. Prefectura Ramallo tom\u00f3 conocimiento del hecho mediante una comunicaci\u00f3n que recibieron de sus pares de San Nicol\u00e1s ante un llamado de alerta que realizaron desde un buque arenero desde donde habr\u00edan observado lo sucedido. Cuando el personal lleg\u00f3 al lugar tom\u00f3 contacto con el se\u00f1or Ludovico Bel\u00e9n, quien se encontraba en la zona de la costa, y les cont\u00f3 que su amigo &#8211; luego mencionado como Lucio Marcelo G\u00f3mez y Suarez de 32 a\u00f1os de edad &#8211; hab\u00eda desaparecido de la superficie de las aguas junto a la embarcaci\u00f3n.\u00a0<br>Aparentemente ninguno de los dos llevaba su chaleco salvavidas, as\u00ed lo habr\u00eda asegurado Bel\u00e9n ante los efectivos de Prefectura que lo asistieron, pero el pudo llegar a la costa nadando y G\u00f3mez habr\u00eda intentado rescatar la piragua para salvarla y no logr\u00f3 hacerlo por lo que se hundieron pr\u00e1cticamente el mismo momento. Ambas personas se domicilian en la ciudad de Ramallo y asiduamente ten\u00edan la rutina de ir a ese sector de la costa ramallense a pescar aprovechando la presencia en cercan\u00edas de ese lugar de la planta de la empresa Bunge, que les habr\u00eda asegurado una buena pesca.\u00a0<\/p>\n\n\n\n<p><strong>Intensa b\u00fasqueda\u00a0<br><\/strong>La b\u00fasqueda del infortunado hombre comenz\u00f3 en ese mismo instante con personal de Prefectura local a bordo de dos embarcaciones y una moto de agua, pero cuando comenz\u00f3 a oscurecer se levant\u00f3 el operativo hasta la ma\u00f1ana de ayer. Comenzando en esta oportunidad en horas muy tempranas y se sum\u00f3 a la tarea una embarcaci\u00f3n de Prefectura San Nicol\u00e1s. Mientras tanto los familiares de la v\u00edctima segu\u00edan los acontecimientos en la sede de Prefectura sobre calle San Lorenzo de Ramallo y tambi\u00e9n en la zona de la costa donde se produjo el accidente. Sus rostros marcaban claramente el dolor que estaban viviendo a ra\u00edz de la desaparici\u00f3n de su ser querido y solo deseaban que pueda ser encontrado pronto. <\/p>\n\n\n\n<p>Fuente: Diario El Norte<\/p>\n","protected":false},"excerpt":{"rendered":"<p>Durante la jornada de hoy prosigui\u00f3 la b\u00fasqueda en el r\u00edo Paran\u00e1 del hombre que cayera al agua luego de dar \u201cuna vuelta de campana\u201d en la piragua en la que navegaba junto a un amigo en inmediaciones de la boca de la d\u00e1rsena que posee el ex Astilleros Martins a la altura del KM. [&hellip;]<\/p>\n","protected":false},"author":4,"featured_media":57484,"comment_status":"open","ping_status":"closed","sticky":false,"template":"","format":"standard","meta":{"om_disable_all_campaigns":false,"_jetpack_memberships_contains_paid_content":false,"footnotes":""},"categories":[621],"tags":[],"class_list":["post-57483","post","type-post","status-publish","format-standard","has-post-thumbnail","hentry","category-regionales"],"aioseo_notices":[],"gutentor_comment":0,"jetpack_featured_media_url":"https:\/\/eldiariodesanpedro.com.ar\/sitio\/wp-content\/uploads\/2019\/08\/0-2.jpg","jetpack_shortlink":"https:\/\/wp.me\/p6RhLt-eX9","jetpack_sharing_enabled":true,"_links":{"self":[{"href":"https:\/\/eldiariodesanpedro.com.ar\/sitio\/wp-json\/wp\/v2\/posts\/57483","targetHints":{"allow":["GET"]}}],"collection":[{"href":"https:\/\/eldiariodesanpedro.com.ar\/sitio\/wp-json\/wp\/v2\/posts"}],"about":[{"href":"https:\/\/eldiariodesanpedro.com.ar\/sitio\/wp-json\/wp\/v2\/types\/post"}],"author":[{"embeddable":true,"href":"https:\/\/eldiariodesanpedro.com.ar\/sitio\/wp-json\/wp\/v2\/users\/4"}],"replies":[{"embeddable":true,"href":"https:\/\/eldiariodesanpedro.com.ar\/sitio\/wp-json\/wp\/v2\/comments?post=57483"}],"version-history":[{"count":1,"href":"https:\/\/eldiariodesanpedro.com.ar\/sitio\/wp-json\/wp\/v2\/posts\/57483\/revisions"}],"predecessor-version":[{"id":57485,"href":"https:\/\/eldiariodesanpedro.com.ar\/sitio\/wp-json\/wp\/v2\/posts\/57483\/revisions\/57485"}],"wp:featuredmedia":[{"embeddable":true,"href":"https:\/\/eldiariodesanpedro.com.ar\/sitio\/wp-json\/wp\/v2\/media\/57484"}],"wp:attachment":[{"href":"https:\/\/eldiariodesanpedro.com.ar\/sitio\/wp-json\/wp\/v2\/media?parent=57483"}],"wp:term":[{"taxonomy":"category","embeddable":true,"href":"https:\/\/eldiariodesanpedro.com.ar\/sitio\/wp-json\/wp\/v2\/categories?post=57483"},{"taxonomy":"post_tag","embeddable":true,"href":"https:\/\/eldiariodesanpedro.com.ar\/sitio\/wp-json\/wp\/v2\/tags?post=57483"}],"curies":[{"name":"wp","href":"https:\/\/api.w.org\/{rel}","templated":true}]}}