{"id":57480,"date":"2019-08-04T16:57:43","date_gmt":"2019-08-04T19:57:43","guid":{"rendered":"https:\/\/eldiariodesanpedro.com.ar\/sitio\/?p=57480"},"modified":"2019-08-04T16:57:47","modified_gmt":"2019-08-04T19:57:47","slug":"zarate-formacion-sobre-delitos-de-lesa-humanidad-cometidos-en-campana-y-zarate","status":"publish","type":"post","link":"https:\/\/eldiariodesanpedro.com.ar\/sitio\/zarate-formacion-sobre-delitos-de-lesa-humanidad-cometidos-en-campana-y-zarate\/","title":{"rendered":"Z\u00c1RATE | Formaci\u00f3n sobre delitos de lesa humanidad cometidos en Campana y Zarate"},"content":{"rendered":"<!-- VideographyWP Plugin Message: Automatic video embedding prevented by plugin options. -->\n\n<p>Tendr\u00e1n lugar en la Facultad de Derecho de Z\u00e1rate. Est\u00e1 dirigido a docentes, estudiantes, profesionales, agentes de la administraci\u00f3n p\u00fablica, instituciones y comunidad en general.<\/p>\n\n\n\n<p>Durante los meses de Agosto y Septiembre se llevar\u00e1n a cabo los encuentros de formaci\u00f3n y participaci\u00f3n ciudadana en los Juicios Orales por Delitos de Lesa Humanidad cometidos en Z\u00e1rate y Campana durante la \u00faltima dictadura c\u00edvico-militar. El prop\u00f3sito es fortalecer la Formaci\u00f3n Institucional, Democr\u00e1tica y el Valor del Acceso a la Justicia y Reparaci\u00f3n para la Poblaci\u00f3n Civil afectada por el Terrorismo de Estado.<\/p>\n\n\n\n<p>El primero tendr\u00e1 lugar en la Sede de la Facultad de Derecho Extensi\u00f3n Z\u00e1rate, Rivadavia 375, los d\u00edas martes 6 y jueves 8 de agosto a partir de las 14, en el Aula Magna. Estos contenidos forman parte de una programaci\u00f3n conjunta llevada a cabo entre la Universidad de Lomas de Zamora, la Asamblea Permanente por los Derechos Humanos de Z\u00e1rate, la Comisi\u00f3n Provincial por la Memoria y la Secretar\u00eda de Derechos Humanos de la Provincia.<\/p>\n\n\n\n<p>Seg\u00fan se explic\u00f3, los encuentros apuntan a formar y otorgar instrumentos a docentes, agentes p\u00fablicos, organismos, instituciones y vecinos en general sobre la importancia en la reparaci\u00f3n, el acceso a la justicia, la constituci\u00f3n de la Memoria Hist\u00f3rica Reciente y las historias y casos de familiares, ex detenidos y casos de desaparici\u00f3n forzada en Campana y Z\u00e1rate en este per\u00edodo.<\/p>\n\n\n\n<p>Los encuentros poseen la categor\u00eda de Curso de Capacitaci\u00f3n. Cuentan con el aval del Instituto Provincial de Administraci\u00f3n P\u00fablica de la Provincia de Buenos Aires. Se otorgar\u00e1 una certificaci\u00f3n p\u00fablica a todos sus asistentes. Est\u00e1 dirigido a docentes, estudiantes, profesionales, agentes de la administraci\u00f3n p\u00fablica, instituciones y comunidad en general. Los interesados deben enviar sus datos (Nombre y Apellido. DNI. Fecha de Nacimiento. Correo Electr\u00f3nico. Profesi\u00f3n. En caso de ser estudiante, la carrera que cursa)&nbsp;apdhzarate@gmail.com<\/p>\n","protected":false},"excerpt":{"rendered":"<p>Tendr\u00e1n lugar en la Facultad de Derecho de Z\u00e1rate. Est\u00e1 dirigido a docentes, estudiantes, profesionales, agentes de la administraci\u00f3n p\u00fablica, instituciones y comunidad en general. Durante los meses de Agosto y Septiembre se llevar\u00e1n a cabo los encuentros de formaci\u00f3n y participaci\u00f3n ciudadana en los Juicios Orales por Delitos de Lesa Humanidad cometidos en Z\u00e1rate [&hellip;]<\/p>\n","protected":false},"author":4,"featured_media":57481,"comment_status":"open","ping_status":"closed","sticky":false,"template":"","format":"standard","meta":{"om_disable_all_campaigns":false,"_jetpack_memberships_contains_paid_content":false,"footnotes":""},"categories":[621],"tags":[],"class_list":["post-57480","post","type-post","status-publish","format-standard","has-post-thumbnail","hentry","category-regionales"],"aioseo_notices":[],"gutentor_comment":0,"jetpack_featured_media_url":"https:\/\/eldiariodesanpedro.com.ar\/sitio\/wp-content\/uploads\/2019\/08\/190801-30.jpg","jetpack_shortlink":"https:\/\/wp.me\/p6RhLt-eX6","jetpack_sharing_enabled":true,"_links":{"self":[{"href":"https:\/\/eldiariodesanpedro.com.ar\/sitio\/wp-json\/wp\/v2\/posts\/57480","targetHints":{"allow":["GET"]}}],"collection":[{"href":"https:\/\/eldiariodesanpedro.com.ar\/sitio\/wp-json\/wp\/v2\/posts"}],"about":[{"href":"https:\/\/eldiariodesanpedro.com.ar\/sitio\/wp-json\/wp\/v2\/types\/post"}],"author":[{"embeddable":true,"href":"https:\/\/eldiariodesanpedro.com.ar\/sitio\/wp-json\/wp\/v2\/users\/4"}],"replies":[{"embeddable":true,"href":"https:\/\/eldiariodesanpedro.com.ar\/sitio\/wp-json\/wp\/v2\/comments?post=57480"}],"version-history":[{"count":1,"href":"https:\/\/eldiariodesanpedro.com.ar\/sitio\/wp-json\/wp\/v2\/posts\/57480\/revisions"}],"predecessor-version":[{"id":57482,"href":"https:\/\/eldiariodesanpedro.com.ar\/sitio\/wp-json\/wp\/v2\/posts\/57480\/revisions\/57482"}],"wp:featuredmedia":[{"embeddable":true,"href":"https:\/\/eldiariodesanpedro.com.ar\/sitio\/wp-json\/wp\/v2\/media\/57481"}],"wp:attachment":[{"href":"https:\/\/eldiariodesanpedro.com.ar\/sitio\/wp-json\/wp\/v2\/media?parent=57480"}],"wp:term":[{"taxonomy":"category","embeddable":true,"href":"https:\/\/eldiariodesanpedro.com.ar\/sitio\/wp-json\/wp\/v2\/categories?post=57480"},{"taxonomy":"post_tag","embeddable":true,"href":"https:\/\/eldiariodesanpedro.com.ar\/sitio\/wp-json\/wp\/v2\/tags?post=57480"}],"curies":[{"name":"wp","href":"https:\/\/api.w.org\/{rel}","templated":true}]}}