{"id":57471,"date":"2019-08-04T16:51:30","date_gmt":"2019-08-04T19:51:30","guid":{"rendered":"https:\/\/eldiariodesanpedro.com.ar\/sitio\/?p=57471"},"modified":"2019-08-04T16:51:34","modified_gmt":"2019-08-04T19:51:34","slug":"arrecifes-puso-pollos-al-horno-y-tuvo-que-llamar-a-los-bomberos","status":"publish","type":"post","link":"https:\/\/eldiariodesanpedro.com.ar\/sitio\/arrecifes-puso-pollos-al-horno-y-tuvo-que-llamar-a-los-bomberos\/","title":{"rendered":"ARRECIFES | Puso pollos al horno y tuvo que llamar a los bomberos"},"content":{"rendered":"<!-- VideographyWP Plugin Message: Automatic video embedding prevented by plugin options. -->\n\n<p>Aproximadamente a las seis de la tarde de este s\u00e1bado un llamado al Cuartel de Bomberos de Arrecifes solicit\u00f3 la intervenci\u00f3n de los servidores p\u00fablicos por un incendio que se hab\u00eda generado en una vivienda de calle Juli\u00e1n Centeya de Villa Sanguinetti.<\/p>\n\n\n\n<p>De inmediato, dos dotaciones de bomberos salieron hacia el lugar pero su intervenci\u00f3n fue abortada por pedido mismo de la persona que llam\u00f3, la propietaria de la casa.<\/p>\n\n\n\n<p>Polic\u00eda que estaba por el lugar se entrevist\u00f3 con la mujer, quien logr\u00f3 controlar las llamas por su cuenta. Y relat\u00f3: \u00abPuse dos pollos al horno y por la grasita que ca\u00eda agarr\u00f3 fuego. Ya pude apagarlo yo\u00bb.<\/p>\n\n\n\n<p>Fuente: Arrecifes noticias<\/p>\n","protected":false},"excerpt":{"rendered":"<p>Aproximadamente a las seis de la tarde de este s\u00e1bado un llamado al Cuartel de Bomberos de Arrecifes solicit\u00f3 la intervenci\u00f3n de los servidores p\u00fablicos por un incendio que se hab\u00eda generado en una vivienda de calle Juli\u00e1n Centeya de Villa Sanguinetti. De inmediato, dos dotaciones de bomberos salieron hacia el lugar pero su intervenci\u00f3n [&hellip;]<\/p>\n","protected":false},"author":4,"featured_media":57472,"comment_status":"open","ping_status":"closed","sticky":false,"template":"","format":"standard","meta":{"om_disable_all_campaigns":false,"_jetpack_memberships_contains_paid_content":false,"footnotes":""},"categories":[621],"tags":[],"class_list":["post-57471","post","type-post","status-publish","format-standard","has-post-thumbnail","hentry","category-regionales"],"aioseo_notices":[],"gutentor_comment":0,"jetpack_featured_media_url":"https:\/\/eldiariodesanpedro.com.ar\/sitio\/wp-content\/uploads\/2019\/08\/autobomba-bomberos_0.jpg","jetpack_shortlink":"https:\/\/wp.me\/p6RhLt-eWX","jetpack_sharing_enabled":true,"_links":{"self":[{"href":"https:\/\/eldiariodesanpedro.com.ar\/sitio\/wp-json\/wp\/v2\/posts\/57471","targetHints":{"allow":["GET"]}}],"collection":[{"href":"https:\/\/eldiariodesanpedro.com.ar\/sitio\/wp-json\/wp\/v2\/posts"}],"about":[{"href":"https:\/\/eldiariodesanpedro.com.ar\/sitio\/wp-json\/wp\/v2\/types\/post"}],"author":[{"embeddable":true,"href":"https:\/\/eldiariodesanpedro.com.ar\/sitio\/wp-json\/wp\/v2\/users\/4"}],"replies":[{"embeddable":true,"href":"https:\/\/eldiariodesanpedro.com.ar\/sitio\/wp-json\/wp\/v2\/comments?post=57471"}],"version-history":[{"count":1,"href":"https:\/\/eldiariodesanpedro.com.ar\/sitio\/wp-json\/wp\/v2\/posts\/57471\/revisions"}],"predecessor-version":[{"id":57473,"href":"https:\/\/eldiariodesanpedro.com.ar\/sitio\/wp-json\/wp\/v2\/posts\/57471\/revisions\/57473"}],"wp:featuredmedia":[{"embeddable":true,"href":"https:\/\/eldiariodesanpedro.com.ar\/sitio\/wp-json\/wp\/v2\/media\/57472"}],"wp:attachment":[{"href":"https:\/\/eldiariodesanpedro.com.ar\/sitio\/wp-json\/wp\/v2\/media?parent=57471"}],"wp:term":[{"taxonomy":"category","embeddable":true,"href":"https:\/\/eldiariodesanpedro.com.ar\/sitio\/wp-json\/wp\/v2\/categories?post=57471"},{"taxonomy":"post_tag","embeddable":true,"href":"https:\/\/eldiariodesanpedro.com.ar\/sitio\/wp-json\/wp\/v2\/tags?post=57471"}],"curies":[{"name":"wp","href":"https:\/\/api.w.org\/{rel}","templated":true}]}}