{"id":57468,"date":"2019-08-04T16:42:34","date_gmt":"2019-08-04T19:42:34","guid":{"rendered":"https:\/\/eldiariodesanpedro.com.ar\/sitio\/?p=57468"},"modified":"2019-08-04T16:42:40","modified_gmt":"2019-08-04T19:42:40","slug":"un-aprehendido-por-golpear-a-dos-mujeres","status":"publish","type":"post","link":"https:\/\/eldiariodesanpedro.com.ar\/sitio\/un-aprehendido-por-golpear-a-dos-mujeres\/","title":{"rendered":"Un aprehendido por golpear a dos mujeres"},"content":{"rendered":"<!-- VideographyWP Plugin Message: Automatic video embedding prevented by plugin options. -->\n\n<p>En Nieto de Torres y Pedro Cabrera, este s\u00e1bado se aprehende a masculino mayor de edad, quien se hallaba ocasionando disturbios y momentos antes ocasiona da\u00f1os en aberturas de una vivienda, ingresando interior agrediendo f\u00edsicamente a moradoras dos femeninas mayores de edad provocandoles lesiones de car\u00e1cter leves. <\/p>\n","protected":false},"excerpt":{"rendered":"<p>En Nieto de Torres y Pedro Cabrera, este s\u00e1bado se aprehende a masculino mayor de edad, quien se hallaba ocasionando disturbios y momentos antes ocasiona da\u00f1os en aberturas de una vivienda, ingresando interior agrediendo f\u00edsicamente a moradoras dos femeninas mayores de edad provocandoles lesiones de car\u00e1cter leves.<\/p>\n","protected":false},"author":4,"featured_media":57469,"comment_status":"open","ping_status":"closed","sticky":false,"template":"","format":"standard","meta":{"om_disable_all_campaigns":false,"_jetpack_memberships_contains_paid_content":false,"footnotes":""},"categories":[2,103],"tags":[],"class_list":["post-57468","post","type-post","status-publish","format-standard","has-post-thumbnail","hentry","category-locales","category-policiales-locales"],"aioseo_notices":[],"gutentor_comment":0,"jetpack_featured_media_url":"https:\/\/eldiariodesanpedro.com.ar\/sitio\/wp-content\/uploads\/2019\/08\/detenido.jpg","jetpack_shortlink":"https:\/\/wp.me\/p6RhLt-eWU","jetpack_sharing_enabled":true,"_links":{"self":[{"href":"https:\/\/eldiariodesanpedro.com.ar\/sitio\/wp-json\/wp\/v2\/posts\/57468","targetHints":{"allow":["GET"]}}],"collection":[{"href":"https:\/\/eldiariodesanpedro.com.ar\/sitio\/wp-json\/wp\/v2\/posts"}],"about":[{"href":"https:\/\/eldiariodesanpedro.com.ar\/sitio\/wp-json\/wp\/v2\/types\/post"}],"author":[{"embeddable":true,"href":"https:\/\/eldiariodesanpedro.com.ar\/sitio\/wp-json\/wp\/v2\/users\/4"}],"replies":[{"embeddable":true,"href":"https:\/\/eldiariodesanpedro.com.ar\/sitio\/wp-json\/wp\/v2\/comments?post=57468"}],"version-history":[{"count":1,"href":"https:\/\/eldiariodesanpedro.com.ar\/sitio\/wp-json\/wp\/v2\/posts\/57468\/revisions"}],"predecessor-version":[{"id":57470,"href":"https:\/\/eldiariodesanpedro.com.ar\/sitio\/wp-json\/wp\/v2\/posts\/57468\/revisions\/57470"}],"wp:featuredmedia":[{"embeddable":true,"href":"https:\/\/eldiariodesanpedro.com.ar\/sitio\/wp-json\/wp\/v2\/media\/57469"}],"wp:attachment":[{"href":"https:\/\/eldiariodesanpedro.com.ar\/sitio\/wp-json\/wp\/v2\/media?parent=57468"}],"wp:term":[{"taxonomy":"category","embeddable":true,"href":"https:\/\/eldiariodesanpedro.com.ar\/sitio\/wp-json\/wp\/v2\/categories?post=57468"},{"taxonomy":"post_tag","embeddable":true,"href":"https:\/\/eldiariodesanpedro.com.ar\/sitio\/wp-json\/wp\/v2\/tags?post=57468"}],"curies":[{"name":"wp","href":"https:\/\/api.w.org\/{rel}","templated":true}]}}