{"id":57465,"date":"2019-08-04T16:40:57","date_gmt":"2019-08-04T19:40:57","guid":{"rendered":"https:\/\/eldiariodesanpedro.com.ar\/sitio\/?p=57465"},"modified":"2019-08-04T16:40:58","modified_gmt":"2019-08-04T19:40:58","slug":"robaron-30-metros-de-alambrado-de-arcor","status":"publish","type":"post","link":"https:\/\/eldiariodesanpedro.com.ar\/sitio\/robaron-30-metros-de-alambrado-de-arcor\/","title":{"rendered":"Robaron 30 metros de alambrado de Arcor"},"content":{"rendered":"<!-- VideographyWP Plugin Message: Automatic video embedding prevented by plugin options. -->\n\n<p>Este s\u00e1bado se recibi\u00f3 la denuncia en la comisar\u00eda de nuestra ciudad por parte del  representante de la firma Arcor S.A. qu\u00e9 mismo d\u00eda en horas de la ma\u00f1ana constata que autores ignorados le sustraen aproximadamente 30 metros de alambrado perimetral del predio de la firma ubicado en calle Depietri y Buque Nacional. <\/p>\n","protected":false},"excerpt":{"rendered":"<p>Este s\u00e1bado se recibi\u00f3 la denuncia en la comisar\u00eda de nuestra ciudad por parte del representante de la firma Arcor S.A. qu\u00e9 mismo d\u00eda en horas de la ma\u00f1ana constata que autores ignorados le sustraen aproximadamente 30 metros de alambrado perimetral del predio de la firma ubicado en calle Depietri y Buque Nacional.<\/p>\n","protected":false},"author":4,"featured_media":57466,"comment_status":"open","ping_status":"closed","sticky":false,"template":"","format":"standard","meta":{"om_disable_all_campaigns":false,"_jetpack_memberships_contains_paid_content":false,"footnotes":""},"categories":[2,103],"tags":[],"class_list":["post-57465","post","type-post","status-publish","format-standard","has-post-thumbnail","hentry","category-locales","category-policiales-locales"],"aioseo_notices":[],"gutentor_comment":0,"jetpack_featured_media_url":"https:\/\/eldiariodesanpedro.com.ar\/sitio\/wp-content\/uploads\/2019\/08\/alambrado-perimetral-de-2-mts-con-puas-zona-santa-fe-sur-D_NQ_NP_923620-MLA25755566240_072017-F.jpg","jetpack_shortlink":"https:\/\/wp.me\/p6RhLt-eWR","jetpack_sharing_enabled":true,"_links":{"self":[{"href":"https:\/\/eldiariodesanpedro.com.ar\/sitio\/wp-json\/wp\/v2\/posts\/57465","targetHints":{"allow":["GET"]}}],"collection":[{"href":"https:\/\/eldiariodesanpedro.com.ar\/sitio\/wp-json\/wp\/v2\/posts"}],"about":[{"href":"https:\/\/eldiariodesanpedro.com.ar\/sitio\/wp-json\/wp\/v2\/types\/post"}],"author":[{"embeddable":true,"href":"https:\/\/eldiariodesanpedro.com.ar\/sitio\/wp-json\/wp\/v2\/users\/4"}],"replies":[{"embeddable":true,"href":"https:\/\/eldiariodesanpedro.com.ar\/sitio\/wp-json\/wp\/v2\/comments?post=57465"}],"version-history":[{"count":1,"href":"https:\/\/eldiariodesanpedro.com.ar\/sitio\/wp-json\/wp\/v2\/posts\/57465\/revisions"}],"predecessor-version":[{"id":57467,"href":"https:\/\/eldiariodesanpedro.com.ar\/sitio\/wp-json\/wp\/v2\/posts\/57465\/revisions\/57467"}],"wp:featuredmedia":[{"embeddable":true,"href":"https:\/\/eldiariodesanpedro.com.ar\/sitio\/wp-json\/wp\/v2\/media\/57466"}],"wp:attachment":[{"href":"https:\/\/eldiariodesanpedro.com.ar\/sitio\/wp-json\/wp\/v2\/media?parent=57465"}],"wp:term":[{"taxonomy":"category","embeddable":true,"href":"https:\/\/eldiariodesanpedro.com.ar\/sitio\/wp-json\/wp\/v2\/categories?post=57465"},{"taxonomy":"post_tag","embeddable":true,"href":"https:\/\/eldiariodesanpedro.com.ar\/sitio\/wp-json\/wp\/v2\/tags?post=57465"}],"curies":[{"name":"wp","href":"https:\/\/api.w.org\/{rel}","templated":true}]}}