{"id":57455,"date":"2019-08-04T16:39:34","date_gmt":"2019-08-04T19:39:34","guid":{"rendered":"https:\/\/eldiariodesanpedro.com.ar\/sitio\/?p=57455"},"modified":"2019-08-04T16:39:38","modified_gmt":"2019-08-04T19:39:38","slug":"se-clausuro-el-local-bailable-moscu","status":"publish","type":"post","link":"https:\/\/eldiariodesanpedro.com.ar\/sitio\/se-clausuro-el-local-bailable-moscu\/","title":{"rendered":"Se clausur\u00f3 el local bailable Mosc\u00fa"},"content":{"rendered":"<!-- VideographyWP Plugin Message: Automatic video embedding prevented by plugin options. -->\n\n<p>Este domingo en horas de la madrugada el personal de la comisar\u00eda local junto con el personal de Inspecci\u00f3n de la municipal realiz\u00f3 la clausura del local nocturno Mosc\u00fa ubicado en calle  Mitre al 1000, donde se constata la permanencia de menores de edad, provocando la infracci\u00f3n a la Ley 14050, se realizaron las  actuaciones correspondientes con intervenci\u00f3n del Juzgado de Paz Letrado de San Pedro.<\/p>\n","protected":false},"excerpt":{"rendered":"<p>Este domingo en horas de la madrugada el personal de la comisar\u00eda local junto con el personal de Inspecci\u00f3n de la municipal realiz\u00f3 la clausura del local nocturno Mosc\u00fa ubicado en calle Mitre al 1000, donde se constata la permanencia de menores de edad, provocando la infracci\u00f3n a la Ley 14050, se realizaron las actuaciones [&hellip;]<\/p>\n","protected":false},"author":4,"featured_media":57463,"comment_status":"open","ping_status":"closed","sticky":false,"template":"","format":"standard","meta":{"om_disable_all_campaigns":false,"_jetpack_memberships_contains_paid_content":false,"footnotes":""},"categories":[2,103],"tags":[],"class_list":["post-57455","post","type-post","status-publish","format-standard","has-post-thumbnail","hentry","category-locales","category-policiales-locales"],"aioseo_notices":[],"gutentor_comment":0,"jetpack_featured_media_url":"https:\/\/eldiariodesanpedro.com.ar\/sitio\/wp-content\/uploads\/2019\/08\/20190804_034825-e1564947527100.jpg","jetpack_shortlink":"https:\/\/wp.me\/p6RhLt-eWH","jetpack_sharing_enabled":true,"_links":{"self":[{"href":"https:\/\/eldiariodesanpedro.com.ar\/sitio\/wp-json\/wp\/v2\/posts\/57455","targetHints":{"allow":["GET"]}}],"collection":[{"href":"https:\/\/eldiariodesanpedro.com.ar\/sitio\/wp-json\/wp\/v2\/posts"}],"about":[{"href":"https:\/\/eldiariodesanpedro.com.ar\/sitio\/wp-json\/wp\/v2\/types\/post"}],"author":[{"embeddable":true,"href":"https:\/\/eldiariodesanpedro.com.ar\/sitio\/wp-json\/wp\/v2\/users\/4"}],"replies":[{"embeddable":true,"href":"https:\/\/eldiariodesanpedro.com.ar\/sitio\/wp-json\/wp\/v2\/comments?post=57455"}],"version-history":[{"count":1,"href":"https:\/\/eldiariodesanpedro.com.ar\/sitio\/wp-json\/wp\/v2\/posts\/57455\/revisions"}],"predecessor-version":[{"id":57464,"href":"https:\/\/eldiariodesanpedro.com.ar\/sitio\/wp-json\/wp\/v2\/posts\/57455\/revisions\/57464"}],"wp:featuredmedia":[{"embeddable":true,"href":"https:\/\/eldiariodesanpedro.com.ar\/sitio\/wp-json\/wp\/v2\/media\/57463"}],"wp:attachment":[{"href":"https:\/\/eldiariodesanpedro.com.ar\/sitio\/wp-json\/wp\/v2\/media?parent=57455"}],"wp:term":[{"taxonomy":"category","embeddable":true,"href":"https:\/\/eldiariodesanpedro.com.ar\/sitio\/wp-json\/wp\/v2\/categories?post=57455"},{"taxonomy":"post_tag","embeddable":true,"href":"https:\/\/eldiariodesanpedro.com.ar\/sitio\/wp-json\/wp\/v2\/tags?post=57455"}],"curies":[{"name":"wp","href":"https:\/\/api.w.org\/{rel}","templated":true}]}}