{"id":57450,"date":"2019-08-04T16:32:28","date_gmt":"2019-08-04T19:32:28","guid":{"rendered":"https:\/\/eldiariodesanpedro.com.ar\/sitio\/?p=57450"},"modified":"2019-08-04T16:32:33","modified_gmt":"2019-08-04T19:32:33","slug":"allanamiento-con-resultado-positivo-por-robo","status":"publish","type":"post","link":"https:\/\/eldiariodesanpedro.com.ar\/sitio\/allanamiento-con-resultado-positivo-por-robo\/","title":{"rendered":"Allanamiento con resultado positivo por robo"},"content":{"rendered":"<!-- VideographyWP Plugin Message: Automatic video embedding prevented by plugin options. -->\n\n<p>Esta s\u00e1bado se realiz\u00f3 el allanamiento de un vivienda tras un hecho de robo ocurrido d\u00edas atr\u00e1s.<\/p>\n\n\n\n<p> La diligencia ordenada por el Juzgado de San Nicol\u00e1s, se realiz\u00f3 en un domicilio ubicado en calle Molina al 600 donde se procedi\u00f3 al secuestro de una mochila fumigadora color naranja y la aprehensi\u00f3n del morador.<\/p>\n","protected":false},"excerpt":{"rendered":"<p>Esta s\u00e1bado se realiz\u00f3 el allanamiento de un vivienda tras un hecho de robo ocurrido d\u00edas atr\u00e1s. La diligencia ordenada por el Juzgado de San Nicol\u00e1s, se realiz\u00f3 en un domicilio ubicado en calle Molina al 600 donde se procedi\u00f3 al secuestro de una mochila fumigadora color naranja y la aprehensi\u00f3n del morador.<\/p>\n","protected":false},"author":4,"featured_media":57451,"comment_status":"open","ping_status":"closed","sticky":false,"template":"","format":"standard","meta":{"om_disable_all_campaigns":false,"_jetpack_memberships_contains_paid_content":false,"footnotes":""},"categories":[2,103],"tags":[],"class_list":["post-57450","post","type-post","status-publish","format-standard","has-post-thumbnail","hentry","category-locales","category-policiales-locales"],"aioseo_notices":[],"gutentor_comment":0,"jetpack_featured_media_url":"https:\/\/eldiariodesanpedro.com.ar\/sitio\/wp-content\/uploads\/2019\/08\/multimedia.normal.b182bea9e82732e3.677275706f2d6761645f6e6f726d616c2e6a7067.jpg","jetpack_shortlink":"https:\/\/wp.me\/p6RhLt-eWC","jetpack_sharing_enabled":true,"_links":{"self":[{"href":"https:\/\/eldiariodesanpedro.com.ar\/sitio\/wp-json\/wp\/v2\/posts\/57450","targetHints":{"allow":["GET"]}}],"collection":[{"href":"https:\/\/eldiariodesanpedro.com.ar\/sitio\/wp-json\/wp\/v2\/posts"}],"about":[{"href":"https:\/\/eldiariodesanpedro.com.ar\/sitio\/wp-json\/wp\/v2\/types\/post"}],"author":[{"embeddable":true,"href":"https:\/\/eldiariodesanpedro.com.ar\/sitio\/wp-json\/wp\/v2\/users\/4"}],"replies":[{"embeddable":true,"href":"https:\/\/eldiariodesanpedro.com.ar\/sitio\/wp-json\/wp\/v2\/comments?post=57450"}],"version-history":[{"count":1,"href":"https:\/\/eldiariodesanpedro.com.ar\/sitio\/wp-json\/wp\/v2\/posts\/57450\/revisions"}],"predecessor-version":[{"id":57452,"href":"https:\/\/eldiariodesanpedro.com.ar\/sitio\/wp-json\/wp\/v2\/posts\/57450\/revisions\/57452"}],"wp:featuredmedia":[{"embeddable":true,"href":"https:\/\/eldiariodesanpedro.com.ar\/sitio\/wp-json\/wp\/v2\/media\/57451"}],"wp:attachment":[{"href":"https:\/\/eldiariodesanpedro.com.ar\/sitio\/wp-json\/wp\/v2\/media?parent=57450"}],"wp:term":[{"taxonomy":"category","embeddable":true,"href":"https:\/\/eldiariodesanpedro.com.ar\/sitio\/wp-json\/wp\/v2\/categories?post=57450"},{"taxonomy":"post_tag","embeddable":true,"href":"https:\/\/eldiariodesanpedro.com.ar\/sitio\/wp-json\/wp\/v2\/tags?post=57450"}],"curies":[{"name":"wp","href":"https:\/\/api.w.org\/{rel}","templated":true}]}}