{"id":57447,"date":"2019-08-04T16:30:36","date_gmt":"2019-08-04T19:30:36","guid":{"rendered":"https:\/\/eldiariodesanpedro.com.ar\/sitio\/?p=57447"},"modified":"2019-08-04T16:30:40","modified_gmt":"2019-08-04T19:30:40","slug":"un-nuevo-caso-de-violencia-de-genero-6","status":"publish","type":"post","link":"https:\/\/eldiariodesanpedro.com.ar\/sitio\/un-nuevo-caso-de-violencia-de-genero-6\/","title":{"rendered":"Un nuevo caso de violencia de g\u00e9nero"},"content":{"rendered":"<!-- VideographyWP Plugin Message: Automatic video embedding prevented by plugin options. -->\n\n<p>Este s\u00e1bado ocurri\u00f3 un hecho en la vecina localidad de Gobernador Castro donde una mujer fue golpeada por su pareja.<\/p>\n\n\n\n<p> Tuvo lugar en calle Belgrano y Alves donde se aprehende masculino mayor de edad quien se encontraba agrediendo f\u00edsicamente a su concubina, provoc\u00e1ndose lesiones leves, el ciudadano fue aprehendido y la mujer realiz\u00f3 la denuncia en la Comisar\u00eda de la Mujer y la Familia<\/p>\n","protected":false},"excerpt":{"rendered":"<p>Este s\u00e1bado ocurri\u00f3 un hecho en la vecina localidad de Gobernador Castro donde una mujer fue golpeada por su pareja. Tuvo lugar en calle Belgrano y Alves donde se aprehende masculino mayor de edad quien se encontraba agrediendo f\u00edsicamente a su concubina, provoc\u00e1ndose lesiones leves, el ciudadano fue aprehendido y la mujer realiz\u00f3 la denuncia [&hellip;]<\/p>\n","protected":false},"author":4,"featured_media":57448,"comment_status":"open","ping_status":"closed","sticky":false,"template":"","format":"standard","meta":{"om_disable_all_campaigns":false,"_jetpack_memberships_contains_paid_content":false,"footnotes":""},"categories":[2,103],"tags":[],"class_list":["post-57447","post","type-post","status-publish","format-standard","has-post-thumbnail","hentry","category-locales","category-policiales-locales"],"aioseo_notices":[],"gutentor_comment":0,"jetpack_featured_media_url":"https:\/\/eldiariodesanpedro.com.ar\/sitio\/wp-content\/uploads\/2019\/08\/violencia-genero-cordoba-numeros.jpg","jetpack_shortlink":"https:\/\/wp.me\/p6RhLt-eWz","jetpack_sharing_enabled":true,"_links":{"self":[{"href":"https:\/\/eldiariodesanpedro.com.ar\/sitio\/wp-json\/wp\/v2\/posts\/57447","targetHints":{"allow":["GET"]}}],"collection":[{"href":"https:\/\/eldiariodesanpedro.com.ar\/sitio\/wp-json\/wp\/v2\/posts"}],"about":[{"href":"https:\/\/eldiariodesanpedro.com.ar\/sitio\/wp-json\/wp\/v2\/types\/post"}],"author":[{"embeddable":true,"href":"https:\/\/eldiariodesanpedro.com.ar\/sitio\/wp-json\/wp\/v2\/users\/4"}],"replies":[{"embeddable":true,"href":"https:\/\/eldiariodesanpedro.com.ar\/sitio\/wp-json\/wp\/v2\/comments?post=57447"}],"version-history":[{"count":1,"href":"https:\/\/eldiariodesanpedro.com.ar\/sitio\/wp-json\/wp\/v2\/posts\/57447\/revisions"}],"predecessor-version":[{"id":57449,"href":"https:\/\/eldiariodesanpedro.com.ar\/sitio\/wp-json\/wp\/v2\/posts\/57447\/revisions\/57449"}],"wp:featuredmedia":[{"embeddable":true,"href":"https:\/\/eldiariodesanpedro.com.ar\/sitio\/wp-json\/wp\/v2\/media\/57448"}],"wp:attachment":[{"href":"https:\/\/eldiariodesanpedro.com.ar\/sitio\/wp-json\/wp\/v2\/media?parent=57447"}],"wp:term":[{"taxonomy":"category","embeddable":true,"href":"https:\/\/eldiariodesanpedro.com.ar\/sitio\/wp-json\/wp\/v2\/categories?post=57447"},{"taxonomy":"post_tag","embeddable":true,"href":"https:\/\/eldiariodesanpedro.com.ar\/sitio\/wp-json\/wp\/v2\/tags?post=57447"}],"curies":[{"name":"wp","href":"https:\/\/api.w.org\/{rel}","templated":true}]}}